{"id":15430,"date":"2021-08-12T12:12:22","date_gmt":"2021-08-12T16:12:22","guid":{"rendered":"https:\/\/cnf-fiic.ca\/priya-prabhakar\/"},"modified":"2022-10-18T13:15:23","modified_gmt":"2022-10-18T17:15:23","slug":"priya-prabhakar","status":"publish","type":"post","link":"https:\/\/cnf-fiic.ca\/fr\/priya-prabhakar\/","title":{"rendered":"Priya Prabhakar"},"content":{"rendered":"<h2>Margaret F. Munro Award<\/h2>\n<p>D\u2019origine indienne et n\u00e9e au Nigeria, j\u2019ai grandi \u00e0 Ottawa sur le territoire algonquin. J\u2019ai obtenu un baccalaur\u00e9at en physiologie et sociologie \u00e0 l\u2019Universit\u00e9 McGill et une ma\u00eetrise en sant\u00e9 publique (sciences sociales et comportementales) \u00e0 l\u2019Universit\u00e9 de Toronto. J\u2019ai surtout travaill\u00e9 comme clinicienne et chercheure, en me pr\u00e9occupant particuli\u00e8rement aux recoupements entre la race, la pauvret\u00e9 et les d\u00e9placements forc\u00e9s et leurs cons\u00e9quences sur la sant\u00e9. J\u2019ai toujours \u00e9t\u00e9 engag\u00e9e dans le milieu clinique, surtout apr\u00e8s avoir \u00e9t\u00e9 scribe m\u00e9dicale dans un service d\u2019urgence communautaire \u00e0 Ottawa. La profession infirmi\u00e8re m\u2019attire par l\u2019ampleur de son champ de pratique et par son insistance sur le plaidoyer au niveau de la soci\u00e9t\u00e9 et des soins de sant\u00e9. J\u2019esp\u00e8re faire ma place dans ce m\u00e9tier qui permet une croissance et un apprentissage continus. Actuellement, je compte d\u00e9buter ma carri\u00e8re d\u2019infirmi\u00e8re \u00e0 l\u2019H\u00f4pital Casey House o\u00f9 j\u2019esp\u00e8re consolider mes aptitudes en soins infirmiers communautaires et ma connaissance sp\u00e9cialis\u00e9e des traitements cliniques des personnes qui vivent avec le VIH.<\/p>\n","protected":false},"excerpt":{"rendered":"<p>Margaret F. Munro Award D\u2019origine indienne et n\u00e9e au Nigeria, j\u2019ai grandi \u00e0 Ottawa sur le territoire algonquin. J\u2019ai obtenu un baccalaur\u00e9at en physiologie et sociologie \u00e0 l\u2019Universit\u00e9 McGill et une ma\u00eetrise en sant\u00e9 publique (sciences sociales et comportementales) \u00e0 l\u2019Universit\u00e9 de Toronto. J\u2019ai surtout travaill\u00e9 comme clinicienne et chercheure, en me pr\u00e9occupant particuli\u00e8rement aux [&hellip;]<\/p>\n","protected":false},"author":53,"featured_media":14907,"comment_status":"closed","ping_status":"closed","sticky":false,"template":"","format":"standard","meta":{"wds_primary_category":0,"footnotes":"","_links_to":"","_links_to_target":""},"categories":[18],"tags":[],"class_list":["post-15430","post","type-post","status-publish","format-standard","has-post-thumbnail","hentry","category-recipiendaires-des-prix"],"_links":{"self":[{"href":"https:\/\/cnf-fiic.ca\/fr\/wp-json\/wp\/v2\/posts\/15430","targetHints":{"allow":["GET"]}}],"collection":[{"href":"https:\/\/cnf-fiic.ca\/fr\/wp-json\/wp\/v2\/posts"}],"about":[{"href":"https:\/\/cnf-fiic.ca\/fr\/wp-json\/wp\/v2\/types\/post"}],"author":[{"embeddable":true,"href":"https:\/\/cnf-fiic.ca\/fr\/wp-json\/wp\/v2\/users\/53"}],"replies":[{"embeddable":true,"href":"https:\/\/cnf-fiic.ca\/fr\/wp-json\/wp\/v2\/comments?post=15430"}],"version-history":[{"count":0,"href":"https:\/\/cnf-fiic.ca\/fr\/wp-json\/wp\/v2\/posts\/15430\/revisions"}],"wp:featuredmedia":[{"embeddable":true,"href":"https:\/\/cnf-fiic.ca\/fr\/wp-json\/wp\/v2\/media\/14907"}],"wp:attachment":[{"href":"https:\/\/cnf-fiic.ca\/fr\/wp-json\/wp\/v2\/media?parent=15430"}],"wp:term":[{"taxonomy":"category","embeddable":true,"href":"https:\/\/cnf-fiic.ca\/fr\/wp-json\/wp\/v2\/categories?post=15430"},{"taxonomy":"post_tag","embeddable":true,"href":"https:\/\/cnf-fiic.ca\/fr\/wp-json\/wp\/v2\/tags?post=15430"}],"curies":[{"name":"wp","href":"https:\/\/api.w.org\/{rel}","templated":true}]}}