{"id":24608,"date":"2023-02-09T15:59:43","date_gmt":"2023-02-09T20:59:43","guid":{"rendered":"https:\/\/cnf-fiic.ca\/?p=24608"},"modified":"2023-02-15T12:35:12","modified_gmt":"2023-02-15T17:35:12","slug":"erica-hurley-2","status":"publish","type":"post","link":"https:\/\/cnf-fiic.ca\/fr\/erica-hurley-2\/","title":{"rendered":"Erica Hurley"},"content":{"rendered":"\n<h2 class=\"wp-block-heading\">CNF Indigenous Award<\/h2>\n\n\n\n<p>Je suis une Mi\u2019kmaq de la c\u00f4te ouest de Terre-Neuve. Mes liens avec la communaut\u00e9 sont plus forts du c\u00f4t\u00e9 de mon p\u00e8re, dont le p\u00e8re est originaire de Flat Bay NL. Les gu\u00e9risseurs et les membres du peuple L\u2019nu dans ma famille m\u2019ont orient\u00e9e vers la carri\u00e8re infirmi\u00e8re. Mon arri\u00e8re-grand-m\u00e8re \u00e9tait gu\u00e9risseuse traditionnelle et a mis au monde des milliers de b\u00e9b\u00e9s le long de la c\u00f4te ouest de l\u2019\u00eele. L\u2019histoire de sa vie et de sa r\u00e9silience enracin\u00e9e dans le savoir traditionnel m\u2019a fascin\u00e9e et a influenc\u00e9 ma d\u00e9cision de devenir infirmi\u00e8re. En 2004, j\u2019ai obtenu mon baccalaur\u00e9at en sciences infirmi\u00e8res au campus Grenfell de l\u2019Universit\u00e9 Memorial de Terre-Neuve, devenant la premi\u00e8re dipl\u00f4m\u00e9e universitaire de ma famille. Je suis professeure adjointe \u00e0 la Facult\u00e9 de sciences infirmi\u00e8res de l\u2019Universit\u00e9 Memorial et j\u2019occupe concurremment un poste en sciences humaines interdisciplinaires au campus Grenfell. Je suis \u00e9galement doctorante en sciences infirmi\u00e8res \u00e0 l\u2019Universit\u00e9 de l\u2019Alberta. Ma th\u00e8se consiste en un examen conjoint de la signification du mot \u00ab&nbsp;c\u0153ur&nbsp;\u00bb pour les femmes Mi\u2019kmaw de la c\u00f4te ouest de Terre-Neuve. Cette recherche fait appel \u00e0 une m\u00e9thodologie autochtone fond\u00e9e sur la vision du monde de la communaut\u00e9 Mi\u2019kmaq, au moyen d\u2019une approche communautaire et de Storyworks. &nbsp;<\/p>\n","protected":false},"excerpt":{"rendered":"<p>CNF Indigenous Award Je suis une Mi\u2019kmaq de la c\u00f4te ouest de Terre-Neuve. Mes liens avec la communaut\u00e9 sont plus forts du c\u00f4t\u00e9 de mon p\u00e8re, dont le p\u00e8re est originaire de Flat Bay NL. Les gu\u00e9risseurs et les membres du peuple L\u2019nu dans ma famille m\u2019ont orient\u00e9e vers la carri\u00e8re infirmi\u00e8re. Mon arri\u00e8re-grand-m\u00e8re \u00e9tait [&hellip;]<\/p>\n","protected":false},"author":53,"featured_media":24522,"comment_status":"open","ping_status":"open","sticky":false,"template":"","format":"standard","meta":{"wds_primary_category":0,"footnotes":"","_links_to":"","_links_to_target":""},"categories":[18,18],"tags":[],"class_list":["post-24608","post","type-post","status-publish","format-standard","has-post-thumbnail","hentry","category-recipiendaires-des-prix"],"_links":{"self":[{"href":"https:\/\/cnf-fiic.ca\/fr\/wp-json\/wp\/v2\/posts\/24608","targetHints":{"allow":["GET"]}}],"collection":[{"href":"https:\/\/cnf-fiic.ca\/fr\/wp-json\/wp\/v2\/posts"}],"about":[{"href":"https:\/\/cnf-fiic.ca\/fr\/wp-json\/wp\/v2\/types\/post"}],"author":[{"embeddable":true,"href":"https:\/\/cnf-fiic.ca\/fr\/wp-json\/wp\/v2\/users\/53"}],"replies":[{"embeddable":true,"href":"https:\/\/cnf-fiic.ca\/fr\/wp-json\/wp\/v2\/comments?post=24608"}],"version-history":[{"count":0,"href":"https:\/\/cnf-fiic.ca\/fr\/wp-json\/wp\/v2\/posts\/24608\/revisions"}],"wp:featuredmedia":[{"embeddable":true,"href":"https:\/\/cnf-fiic.ca\/fr\/wp-json\/wp\/v2\/media\/24522"}],"wp:attachment":[{"href":"https:\/\/cnf-fiic.ca\/fr\/wp-json\/wp\/v2\/media?parent=24608"}],"wp:term":[{"taxonomy":"category","embeddable":true,"href":"https:\/\/cnf-fiic.ca\/fr\/wp-json\/wp\/v2\/categories?post=24608"},{"taxonomy":"post_tag","embeddable":true,"href":"https:\/\/cnf-fiic.ca\/fr\/wp-json\/wp\/v2\/tags?post=24608"}],"curies":[{"name":"wp","href":"https:\/\/api.w.org\/{rel}","templated":true}]}}