{"id":24908,"date":"2023-02-15T15:00:39","date_gmt":"2023-02-15T20:00:39","guid":{"rendered":"https:\/\/cnf-fiic.ca\/?p=24908"},"modified":"2023-02-15T15:00:44","modified_gmt":"2023-02-15T20:00:44","slug":"maripier-jubinville","status":"publish","type":"post","link":"https:\/\/cnf-fiic.ca\/fr\/maripier-jubinville\/","title":{"rendered":"Maripier Jubinville"},"content":{"rendered":"\n<h2 class=\"wp-block-heading\">Joan Gilchrist Award<\/h2>\n\n\n\n<p>Apr\u00e8s 15 ans d\u2019exercice de la profession infirmi\u00e8re au Qu\u00e9bec, ce m\u00e9tier me passionne autant qu\u2019au premier jour. L\u2019id\u00e9e de devenir infirmi\u00e8re a germ\u00e9 \u00e0 l\u2019adolescence, quand la maladie d\u2019un proche m\u2019a fait constater l\u2019humanit\u00e9 des infirmi\u00e8res, leur professionnalisme et l\u2019\u00e9tendue \u00e9tonnante de leur exp\u00e9rience et de leurs connaissances. Cette prise de conscience a suscit\u00e9 chez moi un vif int\u00e9r\u00eat pour cette profession et le d\u00e9sir de prendre soin des autres. J\u2019ai donc fait des \u00e9tudes en sciences infirmi\u00e8res et d\u00e9but\u00e9 ma carri\u00e8re comme infirmi\u00e8re en chirurgie. \u00c0 ce poste, j\u2019ai d\u00fb acqu\u00e9rir et mettre en pratique des capacit\u00e9s de jugement clinique et d\u2019analyse critique, ainsi que de multiples aptitudes comme le leadership n\u00e9cessaire pour veiller aux soins et au bien-\u00eatre des patients plac\u00e9s sous ma responsabilit\u00e9. Dans ce cadre, je me suis d\u00e9couvert un int\u00e9r\u00eat marqu\u00e9 pour l\u2019\u00e9ducation permanente, le perfectionnement des infirmi\u00e8res novices et la gestion des services de sant\u00e9. C\u2019est ainsi que deux ans apr\u00e8s l\u2019obtention de mon baccalaur\u00e9at, je me suis inscrite \u00e0 la ma\u00eetrise tout en continuant de travailler. J\u2019ai acquis progressivement la comp\u00e9tence requise pour convaincre la direction de l\u2019\u00e9tablissement de sant\u00e9 o\u00f9 je travaillais de dispenser une formation structur\u00e9e aux nouvelles infirmi\u00e8res. Depuis cinq ans, je suis conseill\u00e8re principale en soins infirmiers et charg\u00e9e de cours \u00e0 l\u2019universit\u00e9. \u00c0 ce titre, j\u2019aide les jeunes infirmi\u00e8res \u00e0 parfaire leurs aptitudes et \u00e0 mettre en \u0153uvre des pratiques qui favorisent la qualit\u00e9 et la s\u00e9curit\u00e9 des soins prodigu\u00e9s aux patients.<\/p>\n\n\n\n<p>Il y a trois ans, j\u2019ai entrepris des \u00e9tudes de doctorat qui visent \u00e0 \u00e9laborer, \u00e0 valider et \u00e0 int\u00e9grer dans tous les \u00e9tablissements de sant\u00e9 un programme normalis\u00e9 de formation des infirmi\u00e8res responsables. Ces derni\u00e8res occupent des postes cl\u00e9s dans la gestion clinique et administrative. J\u2019esp\u00e8re que cette formation leur permettra d\u2019exercer leurs fonctions de fa\u00e7on optimale, assurant ainsi aux patients et \u00e0 leurs proches des soins de sant\u00e9 du plus haut niveau de qualit\u00e9 et de s\u00e9curit\u00e9 r\u00e9pondant \u00e0 leurs besoins.&nbsp;<\/p>\n\n\n\n<p>Je tiens \u00e0 remercier la Fondations des infirmi\u00e8res et infirmiers du Canada (FIIC) du soutien qu\u2019elle apporte \u00e0 mes \u00e9tudes. Je suis ravie et honor\u00e9e d\u2019avoir re\u00e7u la bourse Joan Gilchrist qui me place au rang des boursi\u00e8res de la FIIC.<\/p>\n","protected":false},"excerpt":{"rendered":"<p>Joan Gilchrist Award Apr\u00e8s 15 ans d\u2019exercice de la profession infirmi\u00e8re au Qu\u00e9bec, ce m\u00e9tier me passionne autant qu\u2019au premier jour. L\u2019id\u00e9e de devenir infirmi\u00e8re a germ\u00e9 \u00e0 l\u2019adolescence, quand la maladie d\u2019un proche m\u2019a fait constater l\u2019humanit\u00e9 des infirmi\u00e8res, leur professionnalisme et l\u2019\u00e9tendue \u00e9tonnante de leur exp\u00e9rience et de leurs connaissances. Cette prise de [&hellip;]<\/p>\n","protected":false},"author":53,"featured_media":24352,"comment_status":"closed","ping_status":"closed","sticky":false,"template":"","format":"standard","meta":{"wds_primary_category":0,"footnotes":"","_links_to":"","_links_to_target":""},"categories":[18],"tags":[],"class_list":["post-24908","post","type-post","status-publish","format-standard","has-post-thumbnail","hentry","category-recipiendaires-des-prix"],"_links":{"self":[{"href":"https:\/\/cnf-fiic.ca\/fr\/wp-json\/wp\/v2\/posts\/24908","targetHints":{"allow":["GET"]}}],"collection":[{"href":"https:\/\/cnf-fiic.ca\/fr\/wp-json\/wp\/v2\/posts"}],"about":[{"href":"https:\/\/cnf-fiic.ca\/fr\/wp-json\/wp\/v2\/types\/post"}],"author":[{"embeddable":true,"href":"https:\/\/cnf-fiic.ca\/fr\/wp-json\/wp\/v2\/users\/53"}],"replies":[{"embeddable":true,"href":"https:\/\/cnf-fiic.ca\/fr\/wp-json\/wp\/v2\/comments?post=24908"}],"version-history":[{"count":0,"href":"https:\/\/cnf-fiic.ca\/fr\/wp-json\/wp\/v2\/posts\/24908\/revisions"}],"wp:featuredmedia":[{"embeddable":true,"href":"https:\/\/cnf-fiic.ca\/fr\/wp-json\/wp\/v2\/media\/24352"}],"wp:attachment":[{"href":"https:\/\/cnf-fiic.ca\/fr\/wp-json\/wp\/v2\/media?parent=24908"}],"wp:term":[{"taxonomy":"category","embeddable":true,"href":"https:\/\/cnf-fiic.ca\/fr\/wp-json\/wp\/v2\/categories?post=24908"},{"taxonomy":"post_tag","embeddable":true,"href":"https:\/\/cnf-fiic.ca\/fr\/wp-json\/wp\/v2\/tags?post=24908"}],"curies":[{"name":"wp","href":"https:\/\/api.w.org\/{rel}","templated":true}]}}