{"id":24933,"date":"2023-02-15T15:56:30","date_gmt":"2023-02-15T20:56:30","guid":{"rendered":"https:\/\/cnf-fiic.ca\/?p=24933"},"modified":"2023-02-23T12:52:04","modified_gmt":"2023-02-23T17:52:04","slug":"lily-lu","status":"publish","type":"post","link":"https:\/\/cnf-fiic.ca\/fr\/lily-lu\/","title":{"rendered":"Lily Lu"},"content":{"rendered":"\n<h2 class=\"wp-block-heading\">Tylenol Masters Award<\/h2>\n\n\n\n<p>J\u2019ai opt\u00e9 pour une carri\u00e8re d\u2019infirmi\u00e8re apr\u00e8s avoir subi une chirurgie d\u2019instrumentation de la colonne vert\u00e9brale quand j\u2019habitais dans une r\u00e9gion rurale de la Colombie-Britannique. Venant d\u2019immigrer au Canada, j\u2019avais eu acc\u00e8s \u00e0 des soins de sant\u00e9 tr\u00e8s limit\u00e9s et je redoutais cette chirurgie complexe. L\u2019infirmi\u00e8re praticienne en scoliose a dissip\u00e9 mes craintes par ses soins attentifs, comp\u00e9tents et centr\u00e9s sur les patients. C\u2019est \u00e0 son image que j\u2019ai voulu devenir infirmi\u00e8re praticienne pour prendre soin des autres comme elle l\u2019avait fait pour moi.<\/p>\n\n\n\n<p>Je suis en deuxi\u00e8me ann\u00e9e du programme de ma\u00eetrise menant au statut d\u2019infirmi\u00e8re praticienne \u00e0 l\u2019Universit\u00e9 de l\u2019Alberta. J\u2019ai acquis une exp\u00e9rience clinique en chirurgie et traumatologie p\u00e9diatriques. Je suis pr\u00e9sidente de l\u2019association \u00e9tudiante des cycles sup\u00e9rieurs en sciences infirmi\u00e8res et membre du comit\u00e9 d\u2019\u00e9ducation de la Nurse Practitioner Association of Alberta.<\/p>\n\n\n\n<p>Par ailleurs, j\u2019ai \u00e9t\u00e9 assistante d\u2019enseignement pour trois \u00e9tudiantes autochtones dans le cadre du programme de transition. Cette exp\u00e9rience a enrichi ma connaissance des Autochtones et m\u2019a fait r\u00e9fl\u00e9chir \u00e0 la fa\u00e7on dont je pourrai collaborer avec les peuples autochtones pour am\u00e9liorer leur qualit\u00e9 de vie en tant qu\u2019infirmi\u00e8re praticienne. Appartenant moi-m\u00eame \u00e0 une minorit\u00e9, je comprenais le v\u00e9cu de ces \u00e9tudiantes, notamment sur le plan de la discrimination. J\u2019ai tir\u00e9 de cette exp\u00e9rience le d\u00e9sir de me concentrer sur la sant\u00e9 des filles et des femmes autochtones qui sont davantage \u00e0 risque de d\u00e9velopper des probl\u00e8mes de sant\u00e9 en raison de leur classe sociale, de leur ethnicit\u00e9 et de leur genre. Quand je serai infirmi\u00e8re praticienne, j\u2019esp\u00e8re leur apporter quelque chose en ayant recours aux modes de connaissance autochtones, comme la narration, pour renforcer la promotion de la sant\u00e9 et la sensibilisation aux maladies \u00e9vitables.<\/p>\n","protected":false},"excerpt":{"rendered":"<p>Tylenol Masters Award J\u2019ai opt\u00e9 pour une carri\u00e8re d\u2019infirmi\u00e8re apr\u00e8s avoir subi une chirurgie d\u2019instrumentation de la colonne vert\u00e9brale quand j\u2019habitais dans une r\u00e9gion rurale de la Colombie-Britannique. Venant d\u2019immigrer au Canada, j\u2019avais eu acc\u00e8s \u00e0 des soins de sant\u00e9 tr\u00e8s limit\u00e9s et je redoutais cette chirurgie complexe. L\u2019infirmi\u00e8re praticienne en scoliose a dissip\u00e9 mes [&hellip;]<\/p>\n","protected":false},"author":53,"featured_media":24304,"comment_status":"closed","ping_status":"closed","sticky":false,"template":"","format":"standard","meta":{"wds_primary_category":0,"footnotes":"","_links_to":"","_links_to_target":""},"categories":[18],"tags":[],"class_list":["post-24933","post","type-post","status-publish","format-standard","has-post-thumbnail","hentry","category-recipiendaires-des-prix"],"_links":{"self":[{"href":"https:\/\/cnf-fiic.ca\/fr\/wp-json\/wp\/v2\/posts\/24933","targetHints":{"allow":["GET"]}}],"collection":[{"href":"https:\/\/cnf-fiic.ca\/fr\/wp-json\/wp\/v2\/posts"}],"about":[{"href":"https:\/\/cnf-fiic.ca\/fr\/wp-json\/wp\/v2\/types\/post"}],"author":[{"embeddable":true,"href":"https:\/\/cnf-fiic.ca\/fr\/wp-json\/wp\/v2\/users\/53"}],"replies":[{"embeddable":true,"href":"https:\/\/cnf-fiic.ca\/fr\/wp-json\/wp\/v2\/comments?post=24933"}],"version-history":[{"count":0,"href":"https:\/\/cnf-fiic.ca\/fr\/wp-json\/wp\/v2\/posts\/24933\/revisions"}],"wp:featuredmedia":[{"embeddable":true,"href":"https:\/\/cnf-fiic.ca\/fr\/wp-json\/wp\/v2\/media\/24304"}],"wp:attachment":[{"href":"https:\/\/cnf-fiic.ca\/fr\/wp-json\/wp\/v2\/media?parent=24933"}],"wp:term":[{"taxonomy":"category","embeddable":true,"href":"https:\/\/cnf-fiic.ca\/fr\/wp-json\/wp\/v2\/categories?post=24933"},{"taxonomy":"post_tag","embeddable":true,"href":"https:\/\/cnf-fiic.ca\/fr\/wp-json\/wp\/v2\/tags?post=24933"}],"curies":[{"name":"wp","href":"https:\/\/api.w.org\/{rel}","templated":true}]}}