{"id":69636,"date":"2024-07-25T12:38:40","date_gmt":"2024-07-25T16:38:40","guid":{"rendered":"https:\/\/cnf-fiic.ca\/damilola-iduye\/"},"modified":"2024-08-26T12:36:41","modified_gmt":"2024-08-26T16:36:41","slug":"damilola-iduye","status":"publish","type":"post","link":"https:\/\/cnf-fiic.ca\/fr\/damilola-iduye\/","title":{"rendered":"Damilola Iduye"},"content":{"rendered":"\n<h2 class=\"wp-block-heading\">Astrazeneca PhD Nursing Award<\/h2>\n\n\n\n<p>Au d\u00e9part, je n\u2019avais pas envisag\u00e9 de devenir infirmi\u00e8re. J\u2019ai n\u00e9anmoins d\u00e9cid\u00e9 d\u2019\u00e9tudier dans ce domaine en 2001. Cette d\u00e9cision m\u2019a ouvert une carri\u00e8re d\u2019une richesse que je n\u2019avais pas imagin\u00e9e. J\u2019ai obtenu un dipl\u00f4me d\u2019infirmi\u00e8re du Coll\u00e8ge de sciences infirmi\u00e8res de l\u2019\u00c9tat d\u2019Oyo en 2004, un baccalaur\u00e9at en sciences infirmi\u00e8res de l\u2019Universit\u00e9 d\u2019Ibadan en 2010, une ma\u00eetrise en sciences infirmi\u00e8res de l\u2019Universit\u00e9 Dalhousie en Nouvelle-\u00c9cosse en 2016 et une ma\u00eetrise en sant\u00e9 publique de l\u2019Universit\u00e9 d\u2019\u00c9dimbourg en \u00c9cosse en 2021. Je me sens privil\u00e9gi\u00e9e d\u2019avoir pu exercer ma profession dans divers cadres cliniques qui ont aiguis\u00e9 mon int\u00e9r\u00eat pour la recherche et les \u00e9tudes.&nbsp;<\/p>\n\n\n\n<p>Je suis actuellement inscrite au doctorat en sciences de la sant\u00e9 publique \u00e0 l\u2019Universit\u00e9 de Toronto. Ma recherche porte sur la fa\u00e7on dont les d\u00e9terminants sociaux et culturels de la sant\u00e9, y compris le racisme, se recoupent pour fa\u00e7onner les exp\u00e9riences de soins des Canadiens noirs atteints de diab\u00e8te de type 2, en tenant compte de la diversit\u00e9 ethnique de la population noire. Il existe relativement peu de recherches sur la sant\u00e9 des Noirs au Canada, et les \u00e9tudes existantes traitent souvent les Noirs canadiens comme s\u2019ils constituaient un groupe monolithique. Mon \u00e9tude livrera des donn\u00e9es qui enrichiront notre compr\u00e9hension des soins prodigu\u00e9s aux Canadiens noirs atteints de diab\u00e8te de type 2 et du v\u00e9cu de ces personnes dans le syst\u00e8me de sant\u00e9, afin d\u2019am\u00e9liorer la pr\u00e9vention et la gestion de cette maladie dans cette population. Ma recherche apportera \u00e9galement des \u00e9clairages sur le d\u00e9veloppement et la mise en \u0153uvre de politiques et d\u2019interventions ax\u00e9es sur l\u2019\u00e9quit\u00e9 pour r\u00e9duire la pr\u00e9valence du diab\u00e8te de type 2 et am\u00e9liorer l\u2019\u00e9tat de sant\u00e9 g\u00e9n\u00e9ral des populations noires.&nbsp;<\/p>\n\n\n\n<p>Je suis ravie de recevoir la bourse AstraZeneca. Je remercie sinc\u00e8rement la Fondation des infirmi\u00e8res et infirmiers du Canada de soutenir mes recherches.&nbsp;<\/p>\n","protected":false},"excerpt":{"rendered":"<p>Astrazeneca PhD Nursing Award Au d\u00e9part, je n\u2019avais pas envisag\u00e9 de devenir infirmi\u00e8re. J\u2019ai n\u00e9anmoins d\u00e9cid\u00e9 d\u2019\u00e9tudier dans ce domaine en 2001. Cette d\u00e9cision m\u2019a ouvert une carri\u00e8re d\u2019une richesse que je n\u2019avais pas imagin\u00e9e. J\u2019ai obtenu un dipl\u00f4me d\u2019infirmi\u00e8re du Coll\u00e8ge de sciences infirmi\u00e8res de l\u2019\u00c9tat d\u2019Oyo en 2004, un baccalaur\u00e9at en sciences infirmi\u00e8res [&hellip;]<\/p>\n","protected":false},"author":53,"featured_media":65993,"comment_status":"closed","ping_status":"closed","sticky":false,"template":"","format":"standard","meta":{"wds_primary_category":18,"footnotes":"","_links_to":"","_links_to_target":""},"categories":[18],"tags":[],"class_list":["post-69636","post","type-post","status-publish","format-standard","has-post-thumbnail","hentry","category-recipiendaires-des-prix"],"_links":{"self":[{"href":"https:\/\/cnf-fiic.ca\/fr\/wp-json\/wp\/v2\/posts\/69636","targetHints":{"allow":["GET"]}}],"collection":[{"href":"https:\/\/cnf-fiic.ca\/fr\/wp-json\/wp\/v2\/posts"}],"about":[{"href":"https:\/\/cnf-fiic.ca\/fr\/wp-json\/wp\/v2\/types\/post"}],"author":[{"embeddable":true,"href":"https:\/\/cnf-fiic.ca\/fr\/wp-json\/wp\/v2\/users\/53"}],"replies":[{"embeddable":true,"href":"https:\/\/cnf-fiic.ca\/fr\/wp-json\/wp\/v2\/comments?post=69636"}],"version-history":[{"count":1,"href":"https:\/\/cnf-fiic.ca\/fr\/wp-json\/wp\/v2\/posts\/69636\/revisions"}],"predecessor-version":[{"id":69638,"href":"https:\/\/cnf-fiic.ca\/fr\/wp-json\/wp\/v2\/posts\/69636\/revisions\/69638"}],"wp:featuredmedia":[{"embeddable":true,"href":"https:\/\/cnf-fiic.ca\/fr\/wp-json\/wp\/v2\/media\/65993"}],"wp:attachment":[{"href":"https:\/\/cnf-fiic.ca\/fr\/wp-json\/wp\/v2\/media?parent=69636"}],"wp:term":[{"taxonomy":"category","embeddable":true,"href":"https:\/\/cnf-fiic.ca\/fr\/wp-json\/wp\/v2\/categories?post=69636"},{"taxonomy":"post_tag","embeddable":true,"href":"https:\/\/cnf-fiic.ca\/fr\/wp-json\/wp\/v2\/tags?post=69636"}],"curies":[{"name":"wp","href":"https:\/\/api.w.org\/{rel}","templated":true}]}}