{"id":69645,"date":"2024-07-31T15:17:33","date_gmt":"2024-07-31T19:17:33","guid":{"rendered":"https:\/\/cnf-fiic.ca\/desiree-turner\/"},"modified":"2024-08-26T13:00:53","modified_gmt":"2024-08-26T17:00:53","slug":"desiree-turner","status":"publish","type":"post","link":"https:\/\/cnf-fiic.ca\/fr\/desiree-turner\/","title":{"rendered":"Desiree Turner"},"content":{"rendered":"\n<h2 class=\"wp-block-heading\">Anita George Award<\/h2>\n\n\n\n<p>Je suis n\u00e9e et j\u2019ai grandi dans le nord du Manitoba. Fi\u00e8re de mes racines autochtones, j\u2019ai appris \u00e0 respecter la nature et \u00e0 en vivre par l\u2019agriculture, la cueillette, la chasse et la p\u00eache. \u00c0 39 ans, je m\u2019occupe seule de mes trois enfants de 20, 15 et 5 ans, qui sont ma force et ma motivation pour atteindre mes objectifs dans la vie. Je veux qu\u2019ils comprennent qu\u2019on peut apprendre tant qu\u2019on veut et que les meilleures choses de la vie ne sont pas gratuites, mais s\u2019acqui\u00e8rent par la d\u00e9termination et l\u2019application au travail.&nbsp;&nbsp;<\/p>\n\n\n\n<p>J\u2019ai opt\u00e9 pour la profession infirmi\u00e8re assez tard dans la vie. Insatisfaite de ma carri\u00e8re \u00e0 l\u2019\u00e9poque, je d\u00e9sirais r\u00e9aliser mon r\u00eave d\u2019\u00eatre soignante pendant qu\u2019il en \u00e9tait encore temps. J\u2019ai toujours d\u00fb affronter les d\u00e9fis de la vie seule et j\u2019aurais aim\u00e9 avoir quelqu\u2019un pour m\u2019\u00e9pauler dans les moments difficiles. Je veux offrir aux personnes en situation de vuln\u00e9rabilit\u00e9 le soutien que j\u2019aurais souhait\u00e9 recevoir. Je veux dispenser les meilleurs soins th\u00e9rapeutiques possibles \u00e0 tous les patients, peu importe leur \u00e2ge, leur genre ou leur ethnicit\u00e9. \u00c0 court terme, je d\u00e9sire travailler de pr\u00e8s avec les populations autochtones; \u00e0 long terme, j\u2019aimerais devenir infirmi\u00e8re praticienne.&nbsp;&nbsp;<\/p>\n","protected":false},"excerpt":{"rendered":"<p>Anita George Award Je suis n\u00e9e et j\u2019ai grandi dans le nord du Manitoba. Fi\u00e8re de mes racines autochtones, j\u2019ai appris \u00e0 respecter la nature et \u00e0 en vivre par l\u2019agriculture, la cueillette, la chasse et la p\u00eache. \u00c0 39 ans, je m\u2019occupe seule de mes trois enfants de 20, 15 et 5 ans, qui [&hellip;]<\/p>\n","protected":false},"author":53,"featured_media":67056,"comment_status":"closed","ping_status":"closed","sticky":false,"template":"","format":"standard","meta":{"wds_primary_category":18,"footnotes":"","_links_to":"","_links_to_target":""},"categories":[18],"tags":[],"class_list":["post-69645","post","type-post","status-publish","format-standard","has-post-thumbnail","hentry","category-recipiendaires-des-prix"],"_links":{"self":[{"href":"https:\/\/cnf-fiic.ca\/fr\/wp-json\/wp\/v2\/posts\/69645","targetHints":{"allow":["GET"]}}],"collection":[{"href":"https:\/\/cnf-fiic.ca\/fr\/wp-json\/wp\/v2\/posts"}],"about":[{"href":"https:\/\/cnf-fiic.ca\/fr\/wp-json\/wp\/v2\/types\/post"}],"author":[{"embeddable":true,"href":"https:\/\/cnf-fiic.ca\/fr\/wp-json\/wp\/v2\/users\/53"}],"replies":[{"embeddable":true,"href":"https:\/\/cnf-fiic.ca\/fr\/wp-json\/wp\/v2\/comments?post=69645"}],"version-history":[{"count":1,"href":"https:\/\/cnf-fiic.ca\/fr\/wp-json\/wp\/v2\/posts\/69645\/revisions"}],"predecessor-version":[{"id":69647,"href":"https:\/\/cnf-fiic.ca\/fr\/wp-json\/wp\/v2\/posts\/69645\/revisions\/69647"}],"wp:featuredmedia":[{"embeddable":true,"href":"https:\/\/cnf-fiic.ca\/fr\/wp-json\/wp\/v2\/media\/67056"}],"wp:attachment":[{"href":"https:\/\/cnf-fiic.ca\/fr\/wp-json\/wp\/v2\/media?parent=69645"}],"wp:term":[{"taxonomy":"category","embeddable":true,"href":"https:\/\/cnf-fiic.ca\/fr\/wp-json\/wp\/v2\/categories?post=69645"},{"taxonomy":"post_tag","embeddable":true,"href":"https:\/\/cnf-fiic.ca\/fr\/wp-json\/wp\/v2\/tags?post=69645"}],"curies":[{"name":"wp","href":"https:\/\/api.w.org\/{rel}","templated":true}]}}