{"id":70553,"date":"2024-07-25T12:33:42","date_gmt":"2024-07-25T16:33:42","guid":{"rendered":"https:\/\/cnf-fiic.ca\/steven-hall\/"},"modified":"2024-09-04T13:01:54","modified_gmt":"2024-09-04T17:01:54","slug":"steven-hall","status":"publish","type":"post","link":"https:\/\/cnf-fiic.ca\/fr\/steven-hall\/","title":{"rendered":"Steven Hall"},"content":{"rendered":"\n<h2 class=\"wp-block-heading\">Carolyn Sifton Research Grant<\/h2>\n\n\n\n<p>Mon parcours de vie a surtout \u00e9t\u00e9 influenc\u00e9 par ma grand-m\u00e8re paternelle, infirmi\u00e8re n\u00e9e et form\u00e9e en Irlande du Nord. Arriv\u00e9e au Canada en 1984, elle a pris la direction d\u2019un foyer pour adolescentes enceintes \u2013 preuve que les infirmi\u00e8res et infirmiers peuvent tout faire et aller partout. Elle a offert \u00e0 ces jeunes femmes un mentorat qui a \u00e9norm\u00e9ment contribu\u00e9 \u00e0 leur d\u00e9veloppement et \u00e0 leur bien-\u00eatre mental \u00e0 un moment tr\u00e8s d\u00e9licat de leur vie. D\u00e9sireux de suivre son exemple, j\u2019ai d\u00e9cid\u00e9 de devenir infirmier. J\u2019aborde mon r\u00f4le d\u2019infirmier et de leader avec une force tranquille. Je dispense constamment un renforcement positif \u00e0 mes coll\u00e8gues. Je suis fier de mentorer des \u00e9tudiantes et \u00e9tudiants avec qui je partage ma passion pour une pratique r\u00e9flexive et pour l\u2019empathie. Plus qu\u2019une carri\u00e8re, la profession infirmi\u00e8re est pour moi une vocation qui me permet d\u2019aider les autres dans les moments difficiles. En d\u00e9finitive, ma d\u00e9cision de devenir infirmier r\u00e9sulte de l\u2019influence profonde que ma grand-m\u00e8re a eue sur moi. Son ouverture d\u2019esprit, sa compassion et son d\u00e9vouement ont fa\u00e7onn\u00e9 mes valeurs et donn\u00e9 un sens \u00e0 ma vie. Je suis fier de perp\u00e9tuer son h\u00e9ritage en faisant une diff\u00e9rence dans la vie des gens dont je prends soin comme infirmier.\u00a0<\/p>\n","protected":false},"excerpt":{"rendered":"<p>Carolyn Sifton Research Grant Mon parcours de vie a surtout \u00e9t\u00e9 influenc\u00e9 par ma grand-m\u00e8re paternelle, infirmi\u00e8re n\u00e9e et form\u00e9e en Irlande du Nord. Arriv\u00e9e au Canada en 1984, elle a pris la direction d\u2019un foyer pour adolescentes enceintes \u2013 preuve que les infirmi\u00e8res et infirmiers peuvent tout faire et aller partout. Elle a offert [&hellip;]<\/p>\n","protected":false},"author":53,"featured_media":65981,"comment_status":"closed","ping_status":"closed","sticky":false,"template":"","format":"standard","meta":{"wds_primary_category":18,"footnotes":"","_links_to":"","_links_to_target":""},"categories":[18],"tags":[],"class_list":["post-70553","post","type-post","status-publish","format-standard","has-post-thumbnail","hentry","category-recipiendaires-des-prix"],"_links":{"self":[{"href":"https:\/\/cnf-fiic.ca\/fr\/wp-json\/wp\/v2\/posts\/70553","targetHints":{"allow":["GET"]}}],"collection":[{"href":"https:\/\/cnf-fiic.ca\/fr\/wp-json\/wp\/v2\/posts"}],"about":[{"href":"https:\/\/cnf-fiic.ca\/fr\/wp-json\/wp\/v2\/types\/post"}],"author":[{"embeddable":true,"href":"https:\/\/cnf-fiic.ca\/fr\/wp-json\/wp\/v2\/users\/53"}],"replies":[{"embeddable":true,"href":"https:\/\/cnf-fiic.ca\/fr\/wp-json\/wp\/v2\/comments?post=70553"}],"version-history":[{"count":1,"href":"https:\/\/cnf-fiic.ca\/fr\/wp-json\/wp\/v2\/posts\/70553\/revisions"}],"predecessor-version":[{"id":70555,"href":"https:\/\/cnf-fiic.ca\/fr\/wp-json\/wp\/v2\/posts\/70553\/revisions\/70555"}],"wp:featuredmedia":[{"embeddable":true,"href":"https:\/\/cnf-fiic.ca\/fr\/wp-json\/wp\/v2\/media\/65981"}],"wp:attachment":[{"href":"https:\/\/cnf-fiic.ca\/fr\/wp-json\/wp\/v2\/media?parent=70553"}],"wp:term":[{"taxonomy":"category","embeddable":true,"href":"https:\/\/cnf-fiic.ca\/fr\/wp-json\/wp\/v2\/categories?post=70553"},{"taxonomy":"post_tag","embeddable":true,"href":"https:\/\/cnf-fiic.ca\/fr\/wp-json\/wp\/v2\/tags?post=70553"}],"curies":[{"name":"wp","href":"https:\/\/api.w.org\/{rel}","templated":true}]}}