{"id":70559,"date":"2024-07-29T17:32:06","date_gmt":"2024-07-29T21:32:06","guid":{"rendered":"https:\/\/cnf-fiic.ca\/jack-avanthay-strus-2\/"},"modified":"2024-09-04T13:05:33","modified_gmt":"2024-09-04T17:05:33","slug":"jack-avanthay-strus-2","status":"publish","type":"post","link":"https:\/\/cnf-fiic.ca\/fr\/jack-avanthay-strus-2\/","title":{"rendered":"Jack Avanthay Strus"},"content":{"rendered":"\n<h2 class=\"wp-block-heading\">TYLENOL\u00ae Fund to Advance Diversity in Nursing and Health Equity Research<\/h2>\n\n\n\n<p>Quand je me suis inscrit au baccalaur\u00e9at en sciences infirmi\u00e8res, je voyais cela comme une porte d\u2019entr\u00e9e vers des \u00e9tudes de m\u00e9decine. J\u2019\u00e9tais loin de me douter que 19 ans plus tard, je serais aussi heureux d\u2019\u00eatre infirmier que je l\u2019\u00e9tais \u00e0 l\u2019obtention de mon dipl\u00f4me en 2004. Ma carri\u00e8re a d\u00e9but\u00e9 dans le nord du Manitoba, dans une unit\u00e9 m\u00e9dico-chirurgicale p\u00e9diatrique. Par la suite, j\u2019ai travaill\u00e9 dans divers cadres, comme les soins actifs, la sant\u00e9 p\u00e9rinatale, les soins de premi\u00e8re ligne et la sant\u00e9 publique et communautaire. J\u2019ai appr\u00e9ci\u00e9 mon parcours dans les soins tertiaires, mais je me passionne avant tout pour les soins infirmiers li\u00e9s \u00e0 la sant\u00e9 publique et communautaire, m\u00eame apr\u00e8s la pand\u00e9mie de COVID-19! J\u2019ai r\u00e9alis\u00e9 que je d\u00e9sirais communiquer cette passion aux \u00e9tudiantes et \u00e9tudiants en sciences infirmi\u00e8res qui envisagent pour la plupart de faire carri\u00e8re en milieu hospitalier. Je voulais leur donner une id\u00e9e concr\u00e8te de ce que sont les soins infirmiers communautaires.&nbsp;<\/p>\n\n\n\n<p>J\u2019ai amorc\u00e9 mes \u00e9tudes de doctorat \u00e0 l\u2019Universit\u00e9 d\u2019Ottawa en 2020. Ma th\u00e8se de doctorat, men\u00e9e en collaboration avec le Collectif LGBTQ* du Manitoba, porte sur les populations m\u00e9ritant l\u2019\u00e9quit\u00e9 durant la transition vers la parentalit\u00e9. Je suis reconnaissant \u00e0 la Fondation des infirmi\u00e8res et infirmiers du Canada de m\u2019accorder son soutien et de reconna\u00eetre ma capacit\u00e9 de contribuer \u00e0 la profession infirmi\u00e8re.&nbsp;<\/p>\n","protected":false},"excerpt":{"rendered":"<p>TYLENOL\u00ae Fund to Advance Diversity in Nursing and Health Equity Research Quand je me suis inscrit au baccalaur\u00e9at en sciences infirmi\u00e8res, je voyais cela comme une porte d\u2019entr\u00e9e vers des \u00e9tudes de m\u00e9decine. J\u2019\u00e9tais loin de me douter que 19 ans plus tard, je serais aussi heureux d\u2019\u00eatre infirmier que je l\u2019\u00e9tais \u00e0 l\u2019obtention de [&hellip;]<\/p>\n","protected":false},"author":53,"featured_media":66527,"comment_status":"closed","ping_status":"closed","sticky":false,"template":"","format":"standard","meta":{"wds_primary_category":18,"footnotes":"","_links_to":"","_links_to_target":""},"categories":[18],"tags":[],"class_list":["post-70559","post","type-post","status-publish","format-standard","has-post-thumbnail","hentry","category-recipiendaires-des-prix"],"_links":{"self":[{"href":"https:\/\/cnf-fiic.ca\/fr\/wp-json\/wp\/v2\/posts\/70559","targetHints":{"allow":["GET"]}}],"collection":[{"href":"https:\/\/cnf-fiic.ca\/fr\/wp-json\/wp\/v2\/posts"}],"about":[{"href":"https:\/\/cnf-fiic.ca\/fr\/wp-json\/wp\/v2\/types\/post"}],"author":[{"embeddable":true,"href":"https:\/\/cnf-fiic.ca\/fr\/wp-json\/wp\/v2\/users\/53"}],"replies":[{"embeddable":true,"href":"https:\/\/cnf-fiic.ca\/fr\/wp-json\/wp\/v2\/comments?post=70559"}],"version-history":[{"count":1,"href":"https:\/\/cnf-fiic.ca\/fr\/wp-json\/wp\/v2\/posts\/70559\/revisions"}],"predecessor-version":[{"id":70561,"href":"https:\/\/cnf-fiic.ca\/fr\/wp-json\/wp\/v2\/posts\/70559\/revisions\/70561"}],"wp:featuredmedia":[{"embeddable":true,"href":"https:\/\/cnf-fiic.ca\/fr\/wp-json\/wp\/v2\/media\/66527"}],"wp:attachment":[{"href":"https:\/\/cnf-fiic.ca\/fr\/wp-json\/wp\/v2\/media?parent=70559"}],"wp:term":[{"taxonomy":"category","embeddable":true,"href":"https:\/\/cnf-fiic.ca\/fr\/wp-json\/wp\/v2\/categories?post=70559"},{"taxonomy":"post_tag","embeddable":true,"href":"https:\/\/cnf-fiic.ca\/fr\/wp-json\/wp\/v2\/tags?post=70559"}],"curies":[{"name":"wp","href":"https:\/\/api.w.org\/{rel}","templated":true}]}}