{"id":70958,"date":"2024-07-26T12:26:08","date_gmt":"2024-07-26T16:26:08","guid":{"rendered":"https:\/\/cnf-fiic.ca\/lacey-kirkness\/"},"modified":"2024-09-05T15:42:11","modified_gmt":"2024-09-05T19:42:11","slug":"lacey-kirkness","status":"publish","type":"post","link":"https:\/\/cnf-fiic.ca\/fr\/lacey-kirkness\/","title":{"rendered":"Lacey Kirkness"},"content":{"rendered":"\n<h2 class=\"wp-block-heading\">CINA\/CNF Indigenous Award<\/h2>\n\n\n\n<p>Fi\u00e8re Autochtone du nord du Manitoba, je suis en derni\u00e8re ann\u00e9e de sciences infirmi\u00e8res dans le cadre du partenariat entre le Coll\u00e8ge universitaire du Nord et l\u2019Universit\u00e9 du Manitoba dans ma ville natale de Le Pas. Ma m\u00e8re et ma s\u0153ur sont infirmi\u00e8res et leur exemple m\u2019a donn\u00e9 d\u00e8s l\u2019adolescence le go\u00fbt de devenir infirmi\u00e8re. Ma grand-m\u00e8re a souffert d\u2019un cancer et n\u2019a h\u00e9las pas toujours re\u00e7u les meilleurs soins possibles. J\u2019ai constat\u00e9 que le syst\u00e8me de sant\u00e9 n\u2019\u00e9tait pas \u00e9quitable, surtout pour les peuples autochtones. Ceci a renforc\u00e9 ma motivation de devenir infirmi\u00e8re, puisque nous avions besoin de plus d\u2019Autochtones dans les soins de sant\u00e9 et de plus de d\u00e9fenseurs de tous les groupes minoritaires. Je suis enthousiaste \u00e0 l\u2019id\u00e9e de travailler dans ma localit\u00e9 d\u2019origine pour m\u2019assurer que la communaut\u00e9 autochtone obtienne les soins de sant\u00e9 qu\u2019elle m\u00e9rite. Devenir infirmi\u00e8re n\u2019est pas une mince t\u00e2che, mais je me r\u00e9jouis de pouvoir faire une diff\u00e9rence dans ma communaut\u00e9 tout en exer\u00e7ant une profession que j\u2019adore.\u00a0<\/p>\n","protected":false},"excerpt":{"rendered":"<p>CINA\/CNF Indigenous Award Fi\u00e8re Autochtone du nord du Manitoba, je suis en derni\u00e8re ann\u00e9e de sciences infirmi\u00e8res dans le cadre du partenariat entre le Coll\u00e8ge universitaire du Nord et l\u2019Universit\u00e9 du Manitoba dans ma ville natale de Le Pas. Ma m\u00e8re et ma s\u0153ur sont infirmi\u00e8res et leur exemple m\u2019a donn\u00e9 d\u00e8s l\u2019adolescence le go\u00fbt [&hellip;]<\/p>\n","protected":false},"author":53,"featured_media":66221,"comment_status":"closed","ping_status":"closed","sticky":false,"template":"","format":"standard","meta":{"wds_primary_category":18,"footnotes":"","_links_to":"","_links_to_target":""},"categories":[18],"tags":[],"class_list":["post-70958","post","type-post","status-publish","format-standard","has-post-thumbnail","hentry","category-recipiendaires-des-prix"],"_links":{"self":[{"href":"https:\/\/cnf-fiic.ca\/fr\/wp-json\/wp\/v2\/posts\/70958","targetHints":{"allow":["GET"]}}],"collection":[{"href":"https:\/\/cnf-fiic.ca\/fr\/wp-json\/wp\/v2\/posts"}],"about":[{"href":"https:\/\/cnf-fiic.ca\/fr\/wp-json\/wp\/v2\/types\/post"}],"author":[{"embeddable":true,"href":"https:\/\/cnf-fiic.ca\/fr\/wp-json\/wp\/v2\/users\/53"}],"replies":[{"embeddable":true,"href":"https:\/\/cnf-fiic.ca\/fr\/wp-json\/wp\/v2\/comments?post=70958"}],"version-history":[{"count":1,"href":"https:\/\/cnf-fiic.ca\/fr\/wp-json\/wp\/v2\/posts\/70958\/revisions"}],"predecessor-version":[{"id":70960,"href":"https:\/\/cnf-fiic.ca\/fr\/wp-json\/wp\/v2\/posts\/70958\/revisions\/70960"}],"wp:featuredmedia":[{"embeddable":true,"href":"https:\/\/cnf-fiic.ca\/fr\/wp-json\/wp\/v2\/media\/66221"}],"wp:attachment":[{"href":"https:\/\/cnf-fiic.ca\/fr\/wp-json\/wp\/v2\/media?parent=70958"}],"wp:term":[{"taxonomy":"category","embeddable":true,"href":"https:\/\/cnf-fiic.ca\/fr\/wp-json\/wp\/v2\/categories?post=70958"},{"taxonomy":"post_tag","embeddable":true,"href":"https:\/\/cnf-fiic.ca\/fr\/wp-json\/wp\/v2\/tags?post=70958"}],"curies":[{"name":"wp","href":"https:\/\/api.w.org\/{rel}","templated":true}]}}