{"id":71550,"date":"2024-07-26T12:24:52","date_gmt":"2024-07-26T16:24:52","guid":{"rendered":"https:\/\/cnf-fiic.ca\/renata-kanerva\/"},"modified":"2024-09-09T16:22:07","modified_gmt":"2024-09-09T20:22:07","slug":"renata-kanerva","status":"publish","type":"post","link":"https:\/\/cnf-fiic.ca\/fr\/renata-kanerva\/","title":{"rendered":"Renata Kanerva"},"content":{"rendered":"\n<h2 class=\"wp-block-heading\">CNF BIPOC Award<\/h2>\n\n\n\n<p>Je suis tr\u00e8s honor\u00e9e d\u2019avoir re\u00e7u une bourse de la Fondation des infirmi\u00e8res et infirmiers du Canada. Je suis en troisi\u00e8me ann\u00e9e de sciences infirmi\u00e8res au campus Okanagan de l\u2019Universit\u00e9 de la Colombie-Britannique \u00e0 Kelowna. Ma d\u00e9cision de devenir infirmi\u00e8re a \u00e9t\u00e9 fortement influenc\u00e9e par mon pass\u00e9 d\u2019athl\u00e8te. Enfant et adolescente, j\u2019ai pratiqu\u00e9 la gymnastique \u00e0 un haut niveau. Ces ann\u00e9es d\u2019entra\u00eenement et de comp\u00e9tition intenses m\u2019ont initi\u00e9e \u00e0 l\u2019univers des soins de sant\u00e9. Les blessures et les exigences physiques qui viennent avec la gymnastique m\u2019ont fait r\u00e9aliser le r\u00f4le essentiel que les infirmi\u00e8res et les autres professionnels de la sant\u00e9 jouent dans le r\u00e9tablissement et le mieux-\u00eatre des athl\u00e8tes. Ces exp\u00e9riences de jeunesse m\u2019ont fait songer \u00e0 travailler dans le domaine de la sant\u00e9. J\u2019avais d\u2019abord pens\u00e9 devenir physioth\u00e9rapeute, mais le m\u00e9tier d\u2019infirmi\u00e8re correspondait davantage \u00e0 mes aptitudes et \u00e0 mes int\u00e9r\u00eats. Cette profession dynamique et interactive avait tout pour motiver et satisfaire une personne \u00e9nergique comme moi, en plus de me donner une foule d\u2019occasions de nouer des liens avec les clients et les coll\u00e8gues et d\u2019apprendre sans cesse. Tout compte fait, ce sont mes exp\u00e9riences de vie, mes traits de personnalit\u00e9 et mes int\u00e9r\u00eats qui m\u2019ont aiguill\u00e9e vers la carri\u00e8re d\u2019infirmi\u00e8re.\u202f\u00a0<\/p>\n","protected":false},"excerpt":{"rendered":"<p>CNF BIPOC Award Je suis tr\u00e8s honor\u00e9e d\u2019avoir re\u00e7u une bourse de la Fondation des infirmi\u00e8res et infirmiers du Canada. Je suis en troisi\u00e8me ann\u00e9e de sciences infirmi\u00e8res au campus Okanagan de l\u2019Universit\u00e9 de la Colombie-Britannique \u00e0 Kelowna. Ma d\u00e9cision de devenir infirmi\u00e8re a \u00e9t\u00e9 fortement influenc\u00e9e par mon pass\u00e9 d\u2019athl\u00e8te. Enfant et adolescente, j\u2019ai [&hellip;]<\/p>\n","protected":false},"author":53,"featured_media":66217,"comment_status":"closed","ping_status":"closed","sticky":false,"template":"","format":"standard","meta":{"wds_primary_category":18,"footnotes":"","_links_to":"","_links_to_target":""},"categories":[18],"tags":[],"class_list":["post-71550","post","type-post","status-publish","format-standard","has-post-thumbnail","hentry","category-recipiendaires-des-prix"],"_links":{"self":[{"href":"https:\/\/cnf-fiic.ca\/fr\/wp-json\/wp\/v2\/posts\/71550","targetHints":{"allow":["GET"]}}],"collection":[{"href":"https:\/\/cnf-fiic.ca\/fr\/wp-json\/wp\/v2\/posts"}],"about":[{"href":"https:\/\/cnf-fiic.ca\/fr\/wp-json\/wp\/v2\/types\/post"}],"author":[{"embeddable":true,"href":"https:\/\/cnf-fiic.ca\/fr\/wp-json\/wp\/v2\/users\/53"}],"replies":[{"embeddable":true,"href":"https:\/\/cnf-fiic.ca\/fr\/wp-json\/wp\/v2\/comments?post=71550"}],"version-history":[{"count":1,"href":"https:\/\/cnf-fiic.ca\/fr\/wp-json\/wp\/v2\/posts\/71550\/revisions"}],"predecessor-version":[{"id":71552,"href":"https:\/\/cnf-fiic.ca\/fr\/wp-json\/wp\/v2\/posts\/71550\/revisions\/71552"}],"wp:featuredmedia":[{"embeddable":true,"href":"https:\/\/cnf-fiic.ca\/fr\/wp-json\/wp\/v2\/media\/66217"}],"wp:attachment":[{"href":"https:\/\/cnf-fiic.ca\/fr\/wp-json\/wp\/v2\/media?parent=71550"}],"wp:term":[{"taxonomy":"category","embeddable":true,"href":"https:\/\/cnf-fiic.ca\/fr\/wp-json\/wp\/v2\/categories?post=71550"},{"taxonomy":"post_tag","embeddable":true,"href":"https:\/\/cnf-fiic.ca\/fr\/wp-json\/wp\/v2\/tags?post=71550"}],"curies":[{"name":"wp","href":"https:\/\/api.w.org\/{rel}","templated":true}]}}