{"id":71582,"date":"2024-07-29T17:41:30","date_gmt":"2024-07-29T21:41:30","guid":{"rendered":"https:\/\/cnf-fiic.ca\/isabelle-savard\/"},"modified":"2024-09-10T11:16:05","modified_gmt":"2024-09-10T15:16:05","slug":"isabelle-savard","status":"publish","type":"post","link":"https:\/\/cnf-fiic.ca\/fr\/isabelle-savard\/","title":{"rendered":"Isabelle Savard"},"content":{"rendered":"\n<h2 class=\"wp-block-heading\">TYLENOL\u00ae Fund to Advance Diversity in Nursing and Health Equity Research<\/h2>\n\n\n\n<p>\u00c0 titre d\u2019infirmi\u00e8re praticienne sp\u00e9cialis\u00e9e en soins de premi\u00e8re ligne (IPSPL), je veux avoir un impact positif sur la vie des gens. D\u00e8s l\u2019enfance, je m\u2019\u00e9panouissais dans le b\u00e9n\u00e9volat et j\u2019aimais aider les autres, ce qui a fortement contribu\u00e9 \u00e0 ma d\u00e9cision de devenir infirmi\u00e8re. \u00c0 partir de 2008, j\u2019ai travaill\u00e9 dans des urgences hospitali\u00e8res o\u00f9 j\u2019ai acquis de pr\u00e9cieuses connaissances sur toute la gamme des soins aux patients. Exer\u00e7ant comme IPSPL depuis 2014, je dispense des soins holistiques \u00e0 un large \u00e9ventail de patients.&nbsp;<\/p>\n\n\n\n<p>Parall\u00e8lement \u00e0 mon travail clinique, j\u2019ai le privil\u00e8ge d\u2019enseigner les sciences infirmi\u00e8res \u00e0 l\u2019Universit\u00e9 du Qu\u00e9bec en Outaouais. Je suis ravie de pouvoir instruire et former la prochaine g\u00e9n\u00e9ration d\u2019IPSPL compatissantes et comp\u00e9tentes.&nbsp;<\/p>\n\n\n\n<p>Consciente de ma situation privil\u00e9gi\u00e9e et des disparit\u00e9s soci\u00e9tales, je milite en faveur d\u2019un acc\u00e8s \u00e9quitable aux soins de sant\u00e9 et je m\u2019efforce d\u2019amplifier la voix des personnes marginalis\u00e9es par notre syst\u00e8me. L\u2019approche holistique des soins infirmiers, qui consiste \u00e0 r\u00e9pondre aux besoins biologiques, psychologiques, sociaux et spirituels, m\u2019interpelle profond\u00e9ment. J\u2019\u00e9prouve \u00e9videmment de la satisfaction \u00e0 prendre soin des personnes et des familles, mais j\u2019aime au plus haut point travailler avec les personnes en situation de vuln\u00e9rabilit\u00e9 qui doivent surmonter des obstacles pour obtenir des soins.&nbsp;<\/p>\n\n\n\n<p>Je suis honor\u00e9e de recevoir l\u2019appui de la Fondation des infirmi\u00e8res et infirmiers du Canada pour mes \u00e9tude doctorales \u00e0 l\u2019Universit\u00e9 McGill. Ma th\u00e8se porte sur la valeur ajout\u00e9e du r\u00f4le des IPSPL aupr\u00e8s des personnes en situation de vuln\u00e9rabilit\u00e9. Ce travail vise \u00e0 favoriser l\u2019aiguillage des IPSPL vers ces personnes afin d\u2019am\u00e9liorer l\u2019acc\u00e8s de ces derni\u00e8res \u00e0 des soins de meilleure qualit\u00e9 dans leur communaut\u00e9.&nbsp;<\/p>\n","protected":false},"excerpt":{"rendered":"<p>TYLENOL\u00ae Fund to Advance Diversity in Nursing and Health Equity Research \u00c0 titre d\u2019infirmi\u00e8re praticienne sp\u00e9cialis\u00e9e en soins de premi\u00e8re ligne (IPSPL), je veux avoir un impact positif sur la vie des gens. D\u00e8s l\u2019enfance, je m\u2019\u00e9panouissais dans le b\u00e9n\u00e9volat et j\u2019aimais aider les autres, ce qui a fortement contribu\u00e9 \u00e0 ma d\u00e9cision de devenir [&hellip;]<\/p>\n","protected":false},"author":53,"featured_media":66559,"comment_status":"closed","ping_status":"closed","sticky":false,"template":"","format":"standard","meta":{"wds_primary_category":18,"footnotes":"","_links_to":"","_links_to_target":""},"categories":[18],"tags":[],"class_list":["post-71582","post","type-post","status-publish","format-standard","has-post-thumbnail","hentry","category-recipiendaires-des-prix"],"_links":{"self":[{"href":"https:\/\/cnf-fiic.ca\/fr\/wp-json\/wp\/v2\/posts\/71582","targetHints":{"allow":["GET"]}}],"collection":[{"href":"https:\/\/cnf-fiic.ca\/fr\/wp-json\/wp\/v2\/posts"}],"about":[{"href":"https:\/\/cnf-fiic.ca\/fr\/wp-json\/wp\/v2\/types\/post"}],"author":[{"embeddable":true,"href":"https:\/\/cnf-fiic.ca\/fr\/wp-json\/wp\/v2\/users\/53"}],"replies":[{"embeddable":true,"href":"https:\/\/cnf-fiic.ca\/fr\/wp-json\/wp\/v2\/comments?post=71582"}],"version-history":[{"count":1,"href":"https:\/\/cnf-fiic.ca\/fr\/wp-json\/wp\/v2\/posts\/71582\/revisions"}],"predecessor-version":[{"id":71584,"href":"https:\/\/cnf-fiic.ca\/fr\/wp-json\/wp\/v2\/posts\/71582\/revisions\/71584"}],"wp:featuredmedia":[{"embeddable":true,"href":"https:\/\/cnf-fiic.ca\/fr\/wp-json\/wp\/v2\/media\/66559"}],"wp:attachment":[{"href":"https:\/\/cnf-fiic.ca\/fr\/wp-json\/wp\/v2\/media?parent=71582"}],"wp:term":[{"taxonomy":"category","embeddable":true,"href":"https:\/\/cnf-fiic.ca\/fr\/wp-json\/wp\/v2\/categories?post=71582"},{"taxonomy":"post_tag","embeddable":true,"href":"https:\/\/cnf-fiic.ca\/fr\/wp-json\/wp\/v2\/tags?post=71582"}],"curies":[{"name":"wp","href":"https:\/\/api.w.org\/{rel}","templated":true}]}}