{"id":71589,"date":"2024-07-29T16:55:56","date_gmt":"2024-07-29T20:55:56","guid":{"rendered":"https:\/\/cnf-fiic.ca\/sofia-mesa-camargo\/"},"modified":"2024-09-10T11:22:15","modified_gmt":"2024-09-10T15:22:15","slug":"sofia-mesa-camargo","status":"publish","type":"post","link":"https:\/\/cnf-fiic.ca\/fr\/sofia-mesa-camargo\/","title":{"rendered":"Sofia Mesa Camargo"},"content":{"rendered":"\n<h2 class=\"wp-block-heading\">CeraVe Skincare Scholarships for Diversity and Equity<\/h2>\n\n\n\n<p>Originaire de Colombie, je suis arriv\u00e9e au Canada \u00e0 13 ans. J\u2019ai d\u00e9cid\u00e9 de devenir infirmi\u00e8re en raison de l\u2019empathie et des soins extraordinaires que j\u2019ai re\u00e7us des infirmi\u00e8res qui m\u2019ont soign\u00e9e quand j\u2019ai \u00e9t\u00e9 hospitalis\u00e9e \u00e0 quelques reprises durant mon enfance. M\u00eame adulte, je me souviens de ces infirmi\u00e8res et de leur pr\u00e9sence rassurante. J\u2019ai commenc\u00e9 \u00e0 envisager une carri\u00e8re d\u2019infirmi\u00e8re pour pouvoir les rejoindre. Le d\u00e9sir de v\u00e9hiculer cette m\u00eame empathie aupr\u00e8s des patients a peu \u00e0 peu germ\u00e9 en moi. Je veux qu\u2019en ma pr\u00e9sence, les patients sachent que quelqu\u2019un prend soin d\u2019eux et les aide \u00e0 aller mieux, m\u00eame quand ils sont alit\u00e9s. Le fait d\u2019avoir \u00e9t\u00e9 moi-m\u00eame patiente apporte une dimension particuli\u00e8re \u00e0 ma vision de la pratique infirmi\u00e8re. Cette bourse me permet non seulement de continuer d\u2019\u00e9tudier l\u2019aspect scientifique des soins, mais aussi d\u2019appliquer mes connaissances personnelles \u00e0 la prestation de soins empathiques et compatissants. Merci de me donner cette possibilit\u00e9!\u00a0<\/p>\n","protected":false},"excerpt":{"rendered":"<p>CeraVe Skincare Scholarships for Diversity and Equity Originaire de Colombie, je suis arriv\u00e9e au Canada \u00e0 13 ans. J\u2019ai d\u00e9cid\u00e9 de devenir infirmi\u00e8re en raison de l\u2019empathie et des soins extraordinaires que j\u2019ai re\u00e7us des infirmi\u00e8res qui m\u2019ont soign\u00e9e quand j\u2019ai \u00e9t\u00e9 hospitalis\u00e9e \u00e0 quelques reprises durant mon enfance. M\u00eame adulte, je me souviens de [&hellip;]<\/p>\n","protected":false},"author":53,"featured_media":66492,"comment_status":"closed","ping_status":"closed","sticky":false,"template":"","format":"standard","meta":{"wds_primary_category":11,"footnotes":"","_links_to":"","_links_to_target":""},"categories":[18],"tags":[],"class_list":["post-71589","post","type-post","status-publish","format-standard","has-post-thumbnail","hentry","category-recipiendaires-des-prix"],"_links":{"self":[{"href":"https:\/\/cnf-fiic.ca\/fr\/wp-json\/wp\/v2\/posts\/71589","targetHints":{"allow":["GET"]}}],"collection":[{"href":"https:\/\/cnf-fiic.ca\/fr\/wp-json\/wp\/v2\/posts"}],"about":[{"href":"https:\/\/cnf-fiic.ca\/fr\/wp-json\/wp\/v2\/types\/post"}],"author":[{"embeddable":true,"href":"https:\/\/cnf-fiic.ca\/fr\/wp-json\/wp\/v2\/users\/53"}],"replies":[{"embeddable":true,"href":"https:\/\/cnf-fiic.ca\/fr\/wp-json\/wp\/v2\/comments?post=71589"}],"version-history":[{"count":1,"href":"https:\/\/cnf-fiic.ca\/fr\/wp-json\/wp\/v2\/posts\/71589\/revisions"}],"predecessor-version":[{"id":71591,"href":"https:\/\/cnf-fiic.ca\/fr\/wp-json\/wp\/v2\/posts\/71589\/revisions\/71591"}],"wp:featuredmedia":[{"embeddable":true,"href":"https:\/\/cnf-fiic.ca\/fr\/wp-json\/wp\/v2\/media\/66492"}],"wp:attachment":[{"href":"https:\/\/cnf-fiic.ca\/fr\/wp-json\/wp\/v2\/media?parent=71589"}],"wp:term":[{"taxonomy":"category","embeddable":true,"href":"https:\/\/cnf-fiic.ca\/fr\/wp-json\/wp\/v2\/categories?post=71589"},{"taxonomy":"post_tag","embeddable":true,"href":"https:\/\/cnf-fiic.ca\/fr\/wp-json\/wp\/v2\/tags?post=71589"}],"curies":[{"name":"wp","href":"https:\/\/api.w.org\/{rel}","templated":true}]}}