{"id":89814,"date":"2024-09-26T16:23:08","date_gmt":"2024-09-26T20:23:08","guid":{"rendered":"https:\/\/cnf-fiic.ca\/damilola-iduye-2\/"},"modified":"2025-01-09T13:04:23","modified_gmt":"2025-01-09T18:04:23","slug":"damilola-iduye-2","status":"publish","type":"post","link":"https:\/\/cnf-fiic.ca\/fr\/damilola-iduye-2\/","title":{"rendered":"Damilola Iduye"},"content":{"rendered":"\n<h2 class=\"wp-block-heading\">AstraZeneca PhD Nursing Award<\/h2>\n\n\n\n<p>J\u2019ai obtenu un dipl\u00f4me d\u2019infirmi\u00e8re du Coll\u00e8ge de sciences infirmi\u00e8res de l\u2019\u00c9tat d\u2019Oyo en 2004, un baccalaur\u00e9at en sciences infirmi\u00e8res \u00e0 l\u2019Universit\u00e9 d\u2019Ibadan en 2010, une ma\u00eetrise en sciences infirmi\u00e8res \u00e0 l\u2019Universit\u00e9 Dalhousie (Nouvelle-\u00c9cosse) en 2016 et une ma\u00eetrise en sant\u00e9 publique \u00e0 l\u2019Universit\u00e9 d\u2019\u00c9dimbourg (\u00c9cosse) en 2021. Je suis inscrite au doctorat en sciences de la sant\u00e9 publique \u00e0 l\u2019\u00c9cole de sant\u00e9 publique Dalla Lana de l\u2019Universit\u00e9 de Toronto.&nbsp;&nbsp;<\/p>\n\n\n\n<p>Je n\u2019avais jamais envisag\u00e9 de devenir infirmi\u00e8re. C\u2019est avec beaucoup d\u2019h\u00e9sitation que j\u2019ai d\u00e9cid\u00e9 d\u2019\u00e9tudier dans ce domaine en 2001. Or, ce choix m\u2019a ouvert des possibilit\u00e9s de carri\u00e8re que je n\u2019aurais jamais imagin\u00e9es. Je ne regrette absolument pas ma d\u00e9cision et je me sens privil\u00e9gi\u00e9e d\u2019avoir exerc\u00e9 ma profession dans diff\u00e9rents milieux cliniques et \u00e9ducatifs o\u00f9 s\u2019est renforc\u00e9 mon int\u00e9r\u00eat pour la recherche et le plaidoyer. Ma recherche doctorale explore la fa\u00e7on dont les d\u00e9terminants socioculturels de la sant\u00e9, y compris le racisme, s\u2019entrecroisent pour fa\u00e7onner les exp\u00e9riences de soins v\u00e9cues par les Canadiens noirs atteints de diab\u00e8te de type 2, en tenant compte de la diversit\u00e9 ethnique de la population noire. Il y a encore peu de recherches sur la sant\u00e9 des noirs au Canada, et les \u00e9tudes qui existent traitent souvent les Canadiens noirs comme s\u2019ils constituaient un bloc monolithique. Mon \u00e9tude fournira des donn\u00e9es approfondies qui enrichiront notre compr\u00e9hension des exp\u00e9riences de soins v\u00e9cues par les noirs atteints de diab\u00e8te de type 2 dans notre syst\u00e8me de sant\u00e9 pour am\u00e9liorer la pr\u00e9vention et la gestion de cette maladie dans cette population. Elle offrira \u00e9galement des \u00e9clairages sur l\u2019\u00e9laboration et la mise en \u0153uvre de politiques et d\u2019interventions \u00e9quitables visant \u00e0 lutter contre la pr\u00e9valence de cette maladie et \u00e0 am\u00e9liorer la sant\u00e9 des populations noires.&nbsp;<\/p>\n\n\n\n<p>Je suis ravie d\u2019avoir obtenu la bourse AstraZeneca et je remercie sinc\u00e8rement la Fondation des infirmi\u00e8res et infirmiers du Canada de m\u2019appuyer dans mes recherches.&nbsp;<\/p>\n","protected":false},"excerpt":{"rendered":"<p>AstraZeneca PhD Nursing Award J\u2019ai obtenu un dipl\u00f4me d\u2019infirmi\u00e8re du Coll\u00e8ge de sciences infirmi\u00e8res de l\u2019\u00c9tat d\u2019Oyo en 2004, un baccalaur\u00e9at en sciences infirmi\u00e8res \u00e0 l\u2019Universit\u00e9 d\u2019Ibadan en 2010, une ma\u00eetrise en sciences infirmi\u00e8res \u00e0 l\u2019Universit\u00e9 Dalhousie (Nouvelle-\u00c9cosse) en 2016 et une ma\u00eetrise en sant\u00e9 publique \u00e0 l\u2019Universit\u00e9 d\u2019\u00c9dimbourg (\u00c9cosse) en 2021. Je suis inscrite [&hellip;]<\/p>\n","protected":false},"author":53,"featured_media":73573,"comment_status":"closed","ping_status":"closed","sticky":false,"template":"","format":"standard","meta":{"wds_primary_category":18,"footnotes":"","_links_to":"","_links_to_target":""},"categories":[18],"tags":[],"class_list":["post-89814","post","type-post","status-publish","format-standard","has-post-thumbnail","hentry","category-recipiendaires-des-prix"],"_links":{"self":[{"href":"https:\/\/cnf-fiic.ca\/fr\/wp-json\/wp\/v2\/posts\/89814","targetHints":{"allow":["GET"]}}],"collection":[{"href":"https:\/\/cnf-fiic.ca\/fr\/wp-json\/wp\/v2\/posts"}],"about":[{"href":"https:\/\/cnf-fiic.ca\/fr\/wp-json\/wp\/v2\/types\/post"}],"author":[{"embeddable":true,"href":"https:\/\/cnf-fiic.ca\/fr\/wp-json\/wp\/v2\/users\/53"}],"replies":[{"embeddable":true,"href":"https:\/\/cnf-fiic.ca\/fr\/wp-json\/wp\/v2\/comments?post=89814"}],"version-history":[{"count":1,"href":"https:\/\/cnf-fiic.ca\/fr\/wp-json\/wp\/v2\/posts\/89814\/revisions"}],"predecessor-version":[{"id":89816,"href":"https:\/\/cnf-fiic.ca\/fr\/wp-json\/wp\/v2\/posts\/89814\/revisions\/89816"}],"wp:featuredmedia":[{"embeddable":true,"href":"https:\/\/cnf-fiic.ca\/fr\/wp-json\/wp\/v2\/media\/73573"}],"wp:attachment":[{"href":"https:\/\/cnf-fiic.ca\/fr\/wp-json\/wp\/v2\/media?parent=89814"}],"wp:term":[{"taxonomy":"category","embeddable":true,"href":"https:\/\/cnf-fiic.ca\/fr\/wp-json\/wp\/v2\/categories?post=89814"},{"taxonomy":"post_tag","embeddable":true,"href":"https:\/\/cnf-fiic.ca\/fr\/wp-json\/wp\/v2\/tags?post=89814"}],"curies":[{"name":"wp","href":"https:\/\/api.w.org\/{rel}","templated":true}]}}