{"id":89826,"date":"2024-09-26T16:39:51","date_gmt":"2024-09-26T20:39:51","guid":{"rendered":"https:\/\/cnf-fiic.ca\/antonio-hakko\/"},"modified":"2025-01-09T13:12:23","modified_gmt":"2025-01-09T18:12:23","slug":"antonio-hakko","status":"publish","type":"post","link":"https:\/\/cnf-fiic.ca\/fr\/antonio-hakko\/","title":{"rendered":"Antonio Hakko"},"content":{"rendered":"\n<h2 class=\"wp-block-heading\">CeraVe Skincare Scholarships for Diversity and Equity<\/h2>\n\n\n\n<p>Je m\u2019appelle Antonio. J\u2019ai 19 ans et je suis r\u00e9fugi\u00e9 syrien. En 2016, dans un contexte de violence et d\u2019ins\u00e9curit\u00e9, j\u2019ai \u00e9t\u00e9 forc\u00e9 de fuir ma patrie et de quitter mes amis et mes proches en qu\u00eate d\u2019une vie meilleure et plus s\u00fbre. J\u2019ai \u00e9t\u00e9 t\u00e9moin des impacts les plus violents de la guerre et de la destruction. Cette exp\u00e9rience de la guerre et de l\u2019exil m\u2019a donn\u00e9 le d\u00e9sir de changer les choses pour am\u00e9liorer la vie des gens, surtout dans les situations les plus ardues. Les difficult\u00e9s que j\u2019ai \u00e9prouv\u00e9es \u00e0 acc\u00e9der \u00e0 des services de base tenus pour admis en Occident comme l\u2019eau, l\u2019\u00e9lectricit\u00e9 et les soins de sant\u00e9 m\u2019ont motiv\u00e9 \u00e0 m\u2019orienter vers une carri\u00e8re dans laquelle je pourrais aider les autres. J\u2019ai opt\u00e9 pour le m\u00e9tier d\u2019infirmier parce que j\u2019ai r\u00e9alis\u00e9 qu\u2019il me permettrait de prendre soin des gens non seulement sur le plan physique, mais \u00e9galement sur le plan \u00e9motionnel et m\u00eame spirituel. Pour moi, ce m\u00e9tier est une carri\u00e8re gratifiante et \u00e9panouissante.\u00a0<\/p>\n","protected":false},"excerpt":{"rendered":"<p>CeraVe Skincare Scholarships for Diversity and Equity Je m\u2019appelle Antonio. J\u2019ai 19 ans et je suis r\u00e9fugi\u00e9 syrien. En 2016, dans un contexte de violence et d\u2019ins\u00e9curit\u00e9, j\u2019ai \u00e9t\u00e9 forc\u00e9 de fuir ma patrie et de quitter mes amis et mes proches en qu\u00eate d\u2019une vie meilleure et plus s\u00fbre. J\u2019ai \u00e9t\u00e9 t\u00e9moin des impacts [&hellip;]<\/p>\n","protected":false},"author":53,"featured_media":73589,"comment_status":"closed","ping_status":"closed","sticky":false,"template":"","format":"standard","meta":{"wds_primary_category":18,"footnotes":"","_links_to":"","_links_to_target":""},"categories":[18],"tags":[],"class_list":["post-89826","post","type-post","status-publish","format-standard","has-post-thumbnail","hentry","category-recipiendaires-des-prix"],"_links":{"self":[{"href":"https:\/\/cnf-fiic.ca\/fr\/wp-json\/wp\/v2\/posts\/89826","targetHints":{"allow":["GET"]}}],"collection":[{"href":"https:\/\/cnf-fiic.ca\/fr\/wp-json\/wp\/v2\/posts"}],"about":[{"href":"https:\/\/cnf-fiic.ca\/fr\/wp-json\/wp\/v2\/types\/post"}],"author":[{"embeddable":true,"href":"https:\/\/cnf-fiic.ca\/fr\/wp-json\/wp\/v2\/users\/53"}],"replies":[{"embeddable":true,"href":"https:\/\/cnf-fiic.ca\/fr\/wp-json\/wp\/v2\/comments?post=89826"}],"version-history":[{"count":1,"href":"https:\/\/cnf-fiic.ca\/fr\/wp-json\/wp\/v2\/posts\/89826\/revisions"}],"predecessor-version":[{"id":89828,"href":"https:\/\/cnf-fiic.ca\/fr\/wp-json\/wp\/v2\/posts\/89826\/revisions\/89828"}],"wp:featuredmedia":[{"embeddable":true,"href":"https:\/\/cnf-fiic.ca\/fr\/wp-json\/wp\/v2\/media\/73589"}],"wp:attachment":[{"href":"https:\/\/cnf-fiic.ca\/fr\/wp-json\/wp\/v2\/media?parent=89826"}],"wp:term":[{"taxonomy":"category","embeddable":true,"href":"https:\/\/cnf-fiic.ca\/fr\/wp-json\/wp\/v2\/categories?post=89826"},{"taxonomy":"post_tag","embeddable":true,"href":"https:\/\/cnf-fiic.ca\/fr\/wp-json\/wp\/v2\/tags?post=89826"}],"curies":[{"name":"wp","href":"https:\/\/api.w.org\/{rel}","templated":true}]}}