{"id":89829,"date":"2024-09-26T16:42:06","date_gmt":"2024-09-26T20:42:06","guid":{"rendered":"https:\/\/cnf-fiic.ca\/jada-theodore\/"},"modified":"2025-01-09T13:13:52","modified_gmt":"2025-01-09T18:13:52","slug":"jada-theodore","status":"publish","type":"post","link":"https:\/\/cnf-fiic.ca\/fr\/jada-theodore\/","title":{"rendered":"Jada Theodore"},"content":{"rendered":"\n<h2 class=\"wp-block-heading\">CeraVe Skincare Scholarships for Diversity and Equity<\/h2>\n\n\n\n<p>Je m\u2019appelle Jada Theodore. Je suis en quatri\u00e8me ann\u00e9e de baccalaur\u00e9at en sciences infirmi\u00e8res \u00e0 l\u2019Universit\u00e9 McMaster. Mon choix de carri\u00e8re est n\u00e9 de mes exp\u00e9riences et de mes passions. Jeune, j\u2019ai \u00e9t\u00e9 t\u00e9moin des difficult\u00e9s v\u00e9cues par ma m\u00e8re c\u00e9libataire immigrante \u00e0 faible revenu et j\u2019aspirais \u00e0 une carri\u00e8re stable dans laquelle je pourrais avoir un impact direct sur la vie des gens. Le militantisme a toujours \u00e9t\u00e9 important pour moi. J\u2019accompagnais souvent ma s\u0153ur a\u00een\u00e9e \u00e0 des manifestations pacifiques, ce qui m\u2019a inculqu\u00e9 une passion pour la justice sociale.&nbsp;<\/p>\n\n\n\n<p>\u00c0 l\u2019\u00e9cole secondaire, j\u2019ai regard\u00e9 une vid\u00e9o de Kimberl\u00e9 Crenshaw sur l\u2019intersectionnalit\u00e9, \u00e0 savoir la fa\u00e7on dont les syst\u00e8mes d\u2019oppression comme le racisme et le sexisme se recoupent pour cr\u00e9er des d\u00e9fis particuliers. Ce concept m\u2019a profond\u00e9ment touch\u00e9e et m\u2019a sensibilis\u00e9e au r\u00f4le des facteurs sociaux dans les in\u00e9galit\u00e9s en sant\u00e9, aiguisant mon d\u00e9sir d\u2019am\u00e9liorer notre syst\u00e8me de sant\u00e9. Dans le cadre de mes \u00e9tudes infirmi\u00e8res, j\u2019ai appris que le plaidoyer est un aspect essentiel du m\u00e9tier d\u2019infirmi\u00e8re. En conjuguant ma passion pour le plaidoyer et mon r\u00f4le d\u2019infirmi\u00e8re, je pourrai \u00e0 la fois prendre soin des patients personnellement et m\u2019attaquer \u00e0 des enjeux syst\u00e9miques plus vastes. Les infirmi\u00e8res consacrent beaucoup de temps \u00e0 prodiguer des soins essentiels et un soutien psychologique aux patients, ce qui les aide \u00e0 d\u00e9celer et combler les lacunes dans le syst\u00e8me de sant\u00e9. Le m\u00e9tier d\u2019infirmi\u00e8re m\u2019attire parce qu\u2019il est \u00e0 la fois une science et un art. J\u2019ai toujours \u00e9t\u00e9 int\u00e9ress\u00e9e par les sciences, mais je voulais \u00e9galement soigner des patients et nouer des relations significatives avec eux. Le c\u00f4t\u00e9 artistique des soins infirmiers r\u00e9side dans une communication efficace marqu\u00e9e par l\u2019empathie, la cr\u00e9ativit\u00e9 et l\u2019altruisme, qui assurent le bien-\u00eatre des patients et des infirmi\u00e8res.&nbsp;<\/p>\n\n\n\n<p>Mon objectif est de travailler en sant\u00e9 publique, surtout dans des milieux ayant un acc\u00e8s limit\u00e9 aux soins de sant\u00e9 comme les communaut\u00e9s autochtones. Je veux devenir infirmi\u00e8re de sant\u00e9 publique parce qu\u2019\u00e0 ce titre, je pourrai jouer un r\u00f4le unique dans la promotion des soins centr\u00e9s sur les patients, de l\u2019inclusivit\u00e9, de la diversit\u00e9 et de l\u2019antiracisme en assurant des soins de sant\u00e9 \u00e9quitables pour tous.&nbsp;\u00a0<\/p>\n","protected":false},"excerpt":{"rendered":"<p>CeraVe Skincare Scholarships for Diversity and Equity Je m\u2019appelle Jada Theodore. Je suis en quatri\u00e8me ann\u00e9e de baccalaur\u00e9at en sciences infirmi\u00e8res \u00e0 l\u2019Universit\u00e9 McMaster. Mon choix de carri\u00e8re est n\u00e9 de mes exp\u00e9riences et de mes passions. Jeune, j\u2019ai \u00e9t\u00e9 t\u00e9moin des difficult\u00e9s v\u00e9cues par ma m\u00e8re c\u00e9libataire immigrante \u00e0 faible revenu et j\u2019aspirais \u00e0 [&hellip;]<\/p>\n","protected":false},"author":53,"featured_media":73593,"comment_status":"closed","ping_status":"closed","sticky":false,"template":"","format":"standard","meta":{"wds_primary_category":18,"footnotes":"","_links_to":"","_links_to_target":""},"categories":[18],"tags":[],"class_list":["post-89829","post","type-post","status-publish","format-standard","has-post-thumbnail","hentry","category-recipiendaires-des-prix"],"_links":{"self":[{"href":"https:\/\/cnf-fiic.ca\/fr\/wp-json\/wp\/v2\/posts\/89829","targetHints":{"allow":["GET"]}}],"collection":[{"href":"https:\/\/cnf-fiic.ca\/fr\/wp-json\/wp\/v2\/posts"}],"about":[{"href":"https:\/\/cnf-fiic.ca\/fr\/wp-json\/wp\/v2\/types\/post"}],"author":[{"embeddable":true,"href":"https:\/\/cnf-fiic.ca\/fr\/wp-json\/wp\/v2\/users\/53"}],"replies":[{"embeddable":true,"href":"https:\/\/cnf-fiic.ca\/fr\/wp-json\/wp\/v2\/comments?post=89829"}],"version-history":[{"count":1,"href":"https:\/\/cnf-fiic.ca\/fr\/wp-json\/wp\/v2\/posts\/89829\/revisions"}],"predecessor-version":[{"id":89831,"href":"https:\/\/cnf-fiic.ca\/fr\/wp-json\/wp\/v2\/posts\/89829\/revisions\/89831"}],"wp:featuredmedia":[{"embeddable":true,"href":"https:\/\/cnf-fiic.ca\/fr\/wp-json\/wp\/v2\/media\/73593"}],"wp:attachment":[{"href":"https:\/\/cnf-fiic.ca\/fr\/wp-json\/wp\/v2\/media?parent=89829"}],"wp:term":[{"taxonomy":"category","embeddable":true,"href":"https:\/\/cnf-fiic.ca\/fr\/wp-json\/wp\/v2\/categories?post=89829"},{"taxonomy":"post_tag","embeddable":true,"href":"https:\/\/cnf-fiic.ca\/fr\/wp-json\/wp\/v2\/tags?post=89829"}],"curies":[{"name":"wp","href":"https:\/\/api.w.org\/{rel}","templated":true}]}}