{"id":89847,"date":"2024-09-26T18:02:11","date_gmt":"2024-09-26T22:02:11","guid":{"rendered":"https:\/\/cnf-fiic.ca\/lacey-kirkness-2\/"},"modified":"2025-01-09T13:23:36","modified_gmt":"2025-01-09T18:23:36","slug":"lacey-kirkness-2","status":"publish","type":"post","link":"https:\/\/cnf-fiic.ca\/fr\/lacey-kirkness-2\/","title":{"rendered":"Lacey Kirkness"},"content":{"rendered":"\n<h2 class=\"wp-block-heading\">CeraVe Skincare Scholarships for Diversity and Equity<\/h2>\n\n\n\n<p>Je m\u2019appelle Lacey Kirkness. Je suis une femme autochtone du nord du Manitoba. Ma m\u00e8re et ma s\u0153ur sont infirmi\u00e8res. J\u2019ai attendu la fin de la vingtaine pour entreprendre des \u00e9tudes infirmi\u00e8res parce que je voulais d\u2019abord voyager et acqu\u00e9rir une certaine exp\u00e9rience de la vie. Au d\u00e9but de la pand\u00e9mie, j\u2019ai compris que le moment \u00e9tait venu de d\u00e9buter ma formation pour devenir infirmi\u00e8re et faire ma part. J\u2019avais toujours eu l\u2019intention de devenir infirmi\u00e8re pour aider ma communaut\u00e9 et veiller \u00e0 ce que les peuples autochtones fassent entendre leur voix dans le syst\u00e8me de sant\u00e9. Il est important que les Autochtones soient repr\u00e9sent\u00e9s dans ce domaine et je me r\u00e9jouis de pouvoir y contribuer en devenant infirmi\u00e8re.\u00a0<\/p>\n","protected":false},"excerpt":{"rendered":"<p>CeraVe Skincare Scholarships for Diversity and Equity Je m\u2019appelle Lacey Kirkness. Je suis une femme autochtone du nord du Manitoba. Ma m\u00e8re et ma s\u0153ur sont infirmi\u00e8res. J\u2019ai attendu la fin de la vingtaine pour entreprendre des \u00e9tudes infirmi\u00e8res parce que je voulais d\u2019abord voyager et acqu\u00e9rir une certaine exp\u00e9rience de la vie. Au d\u00e9but [&hellip;]<\/p>\n","protected":false},"author":53,"featured_media":73617,"comment_status":"closed","ping_status":"closed","sticky":false,"template":"","format":"standard","meta":{"wds_primary_category":18,"footnotes":"","_links_to":"","_links_to_target":""},"categories":[18],"tags":[],"class_list":["post-89847","post","type-post","status-publish","format-standard","has-post-thumbnail","hentry","category-recipiendaires-des-prix"],"_links":{"self":[{"href":"https:\/\/cnf-fiic.ca\/fr\/wp-json\/wp\/v2\/posts\/89847","targetHints":{"allow":["GET"]}}],"collection":[{"href":"https:\/\/cnf-fiic.ca\/fr\/wp-json\/wp\/v2\/posts"}],"about":[{"href":"https:\/\/cnf-fiic.ca\/fr\/wp-json\/wp\/v2\/types\/post"}],"author":[{"embeddable":true,"href":"https:\/\/cnf-fiic.ca\/fr\/wp-json\/wp\/v2\/users\/53"}],"replies":[{"embeddable":true,"href":"https:\/\/cnf-fiic.ca\/fr\/wp-json\/wp\/v2\/comments?post=89847"}],"version-history":[{"count":1,"href":"https:\/\/cnf-fiic.ca\/fr\/wp-json\/wp\/v2\/posts\/89847\/revisions"}],"predecessor-version":[{"id":89849,"href":"https:\/\/cnf-fiic.ca\/fr\/wp-json\/wp\/v2\/posts\/89847\/revisions\/89849"}],"wp:featuredmedia":[{"embeddable":true,"href":"https:\/\/cnf-fiic.ca\/fr\/wp-json\/wp\/v2\/media\/73617"}],"wp:attachment":[{"href":"https:\/\/cnf-fiic.ca\/fr\/wp-json\/wp\/v2\/media?parent=89847"}],"wp:term":[{"taxonomy":"category","embeddable":true,"href":"https:\/\/cnf-fiic.ca\/fr\/wp-json\/wp\/v2\/categories?post=89847"},{"taxonomy":"post_tag","embeddable":true,"href":"https:\/\/cnf-fiic.ca\/fr\/wp-json\/wp\/v2\/tags?post=89847"}],"curies":[{"name":"wp","href":"https:\/\/api.w.org\/{rel}","templated":true}]}}