{"id":90248,"date":"2024-09-26T18:29:47","date_gmt":"2024-09-26T22:29:47","guid":{"rendered":"https:\/\/cnf-fiic.ca\/alexander-bridgeman\/"},"modified":"2025-01-13T12:20:29","modified_gmt":"2025-01-13T17:20:29","slug":"alexander-bridgeman","status":"publish","type":"post","link":"https:\/\/cnf-fiic.ca\/fr\/alexander-bridgeman\/","title":{"rendered":"Alexander Bridgeman"},"content":{"rendered":"\n<h2 class=\"wp-block-heading\">CINA\/CNF Indigenous Award<\/h2>\n\n\n\n<p>Je suis devenu infirmier parce que je d\u00e9sirais aider les autres et faire une diff\u00e9rence concr\u00e8te dans leur vie, surtout aupr\u00e8s des populations marginalis\u00e9es desservies par les h\u00f4pitaux des centres-villes. Tr\u00e8s jeune, j\u2019ai \u00e9t\u00e9 inspir\u00e9 par la compassion des infirmi\u00e8res et infirmiers qui soignaient des membres de ma famille. Leur empathie, leur r\u00e9silience et leur d\u00e9vouement m\u2019ont marqu\u00e9 durablement.&nbsp;<\/p>\n\n\n\n<p>En qualit\u00e9 de M\u00e9tis, je trouve tout naturel de travailler aupr\u00e8s des peuples autochtones. Je comprends les probl\u00e8mes de sant\u00e9 particuliers de ces communaut\u00e9s dont je saisis les nuances culturelles. Je tiens beaucoup \u00e0 m\u2019attaquer aux disparit\u00e9s dont souffrent ces populations. En axant mes efforts sur cette communaut\u00e9, je veux m\u2019assurer que les Autochtones re\u00e7oivent des soins respectueux et culturellement adapt\u00e9s. Cet engagement \u00e9mane de mon attachement \u00e0 la justice sociale et de mon d\u00e9sir de d\u00e9fendre les droits des personnes qui ont \u00e9t\u00e9 mal desservies historiquement.&nbsp;<\/p>\n\n\n\n<p>J\u2019aspire particuli\u00e8rement \u00e0 me sp\u00e9cialiser dans les soins palliatifs et oncologiques, qui permettent de soutenir les patients et leur famille dans les moments les plus difficiles. Pour dispenser des soins compatissants en fin de vie et aider les patients \u00e0 traverser l\u2019\u00e9preuve du cancer, il faut un alliage unique de comp\u00e9tence m\u00e9dicale et de sensibilit\u00e9 \u00e9motive, deux qualit\u00e9s que j\u2019entends d\u00e9velopper.&nbsp;<\/p>\n\n\n\n<p>Ayant un naturel compatissant, je trouve le m\u00e9tier d\u2019infirmier gratifiant. Cette profession qui conjugue les connaissances m\u00e9dicales et les liens personnels me permet d\u2019offrir un soutien \u00e0 la fois scientifique et \u00e9motif aux patients.&nbsp;<\/p>\n\n\n\n<p>Pour moi, le fait d\u2019\u00eatre infirmier est plus qu\u2019un emploi; c\u2019est une vocation qui r\u00e9pond \u00e0 mes valeurs et \u00e0 mes aspirations et qui me permet d\u2019apporter quotidiennement une contribution positive \u00e0 la soci\u00e9t\u00e9.&nbsp;<\/p>\n","protected":false},"excerpt":{"rendered":"<p>CINA\/CNF Indigenous Award Je suis devenu infirmier parce que je d\u00e9sirais aider les autres et faire une diff\u00e9rence concr\u00e8te dans leur vie, surtout aupr\u00e8s des populations marginalis\u00e9es desservies par les h\u00f4pitaux des centres-villes. Tr\u00e8s jeune, j\u2019ai \u00e9t\u00e9 inspir\u00e9 par la compassion des infirmi\u00e8res et infirmiers qui soignaient des membres de ma famille. Leur empathie, leur [&hellip;]<\/p>\n","protected":false},"author":53,"featured_media":73641,"comment_status":"closed","ping_status":"closed","sticky":false,"template":"","format":"standard","meta":{"wds_primary_category":18,"footnotes":"","_links_to":"","_links_to_target":""},"categories":[18],"tags":[],"class_list":["post-90248","post","type-post","status-publish","format-standard","has-post-thumbnail","hentry","category-recipiendaires-des-prix"],"_links":{"self":[{"href":"https:\/\/cnf-fiic.ca\/fr\/wp-json\/wp\/v2\/posts\/90248","targetHints":{"allow":["GET"]}}],"collection":[{"href":"https:\/\/cnf-fiic.ca\/fr\/wp-json\/wp\/v2\/posts"}],"about":[{"href":"https:\/\/cnf-fiic.ca\/fr\/wp-json\/wp\/v2\/types\/post"}],"author":[{"embeddable":true,"href":"https:\/\/cnf-fiic.ca\/fr\/wp-json\/wp\/v2\/users\/53"}],"replies":[{"embeddable":true,"href":"https:\/\/cnf-fiic.ca\/fr\/wp-json\/wp\/v2\/comments?post=90248"}],"version-history":[{"count":1,"href":"https:\/\/cnf-fiic.ca\/fr\/wp-json\/wp\/v2\/posts\/90248\/revisions"}],"predecessor-version":[{"id":90258,"href":"https:\/\/cnf-fiic.ca\/fr\/wp-json\/wp\/v2\/posts\/90248\/revisions\/90258"}],"wp:featuredmedia":[{"embeddable":true,"href":"https:\/\/cnf-fiic.ca\/fr\/wp-json\/wp\/v2\/media\/73641"}],"wp:attachment":[{"href":"https:\/\/cnf-fiic.ca\/fr\/wp-json\/wp\/v2\/media?parent=90248"}],"wp:term":[{"taxonomy":"category","embeddable":true,"href":"https:\/\/cnf-fiic.ca\/fr\/wp-json\/wp\/v2\/categories?post=90248"},{"taxonomy":"post_tag","embeddable":true,"href":"https:\/\/cnf-fiic.ca\/fr\/wp-json\/wp\/v2\/tags?post=90248"}],"curies":[{"name":"wp","href":"https:\/\/api.w.org\/{rel}","templated":true}]}}