{"id":90499,"date":"2024-10-08T15:16:43","date_gmt":"2024-10-08T19:16:43","guid":{"rendered":"https:\/\/cnf-fiic.ca\/jenica-bouliane\/"},"modified":"2025-01-16T10:09:23","modified_gmt":"2025-01-16T15:09:23","slug":"jenica-bouliane","status":"publish","type":"post","link":"https:\/\/cnf-fiic.ca\/fr\/jenica-bouliane\/","title":{"rendered":"Jenica Bouliane"},"content":{"rendered":"\n<h2 class=\"wp-block-heading\">CNSA Diversability\/Disability Award<\/h2>\n\n\n\n<p>Je m\u2019appelle Jen Bouliane et je fais mon baccalaur\u00e9at en sciences infirmi\u00e8res au Coll\u00e8ge Selkirk. Mon parcours a \u00e9t\u00e9 ardu puisque je dois \u00e0 la fois \u00e9tudier et \u00e9lever mon enfant de deux ans. Concilier ma charge de travail et mes stages cliniques avec mon d\u00e9sir d\u2019\u00eatre le plus pr\u00e9sente possible pour ma famille constitue un v\u00e9ritable d\u00e9fi. On ne saurait sous-estimer le lourd fardeau affectif qu\u2019entra\u00eene la recherche d\u2019un \u00e9quilibre entre les \u00e9tudes et les responsabilit\u00e9s parentales. Le temps que je passe \u00e0 \u00e9tudier est du temps en moins aupr\u00e8s de mon fils. J\u2019ai manqu\u00e9 bien des premi\u00e8res, comme ses premiers pas, ses premiers mots et son premier anniversaire. Ces moments sont perdus \u00e0 jamais. Cependant, ce sentiment de culpabilit\u00e9 maternelle n\u2019a fait que renforcer ma d\u00e9termination d\u2019exceller dans mes \u00e9tudes tout en assumant pleinement mon r\u00f4le de m\u00e8re. Malgr\u00e9 ces obstacles, ma passion pour les soins infirmiers et ma volont\u00e9 d\u2019offrir un meilleur avenir \u00e0 mon fils sont la source de ma motivation. La bourse que j\u2019ai re\u00e7ue me permet de passer plus de temps \u00e0 la maison avec mon fils et all\u00e8ge le fardeau financier pour ma famille. J\u2019exprime donc toute ma reconnaissance aux donateurs.\u00a0\u00a0<\/p>\n\n\n\n<p><\/p>\n","protected":false},"excerpt":{"rendered":"<p>CNSA Diversability\/Disability Award Je m\u2019appelle Jen Bouliane et je fais mon baccalaur\u00e9at en sciences infirmi\u00e8res au Coll\u00e8ge Selkirk. Mon parcours a \u00e9t\u00e9 ardu puisque je dois \u00e0 la fois \u00e9tudier et \u00e9lever mon enfant de deux ans. Concilier ma charge de travail et mes stages cliniques avec mon d\u00e9sir d\u2019\u00eatre le plus pr\u00e9sente possible pour [&hellip;]<\/p>\n","protected":false},"author":53,"featured_media":74692,"comment_status":"closed","ping_status":"closed","sticky":false,"template":"","format":"standard","meta":{"wds_primary_category":18,"footnotes":"","_links_to":"","_links_to_target":""},"categories":[18],"tags":[],"class_list":["post-90499","post","type-post","status-publish","format-standard","has-post-thumbnail","hentry","category-recipiendaires-des-prix"],"_links":{"self":[{"href":"https:\/\/cnf-fiic.ca\/fr\/wp-json\/wp\/v2\/posts\/90499","targetHints":{"allow":["GET"]}}],"collection":[{"href":"https:\/\/cnf-fiic.ca\/fr\/wp-json\/wp\/v2\/posts"}],"about":[{"href":"https:\/\/cnf-fiic.ca\/fr\/wp-json\/wp\/v2\/types\/post"}],"author":[{"embeddable":true,"href":"https:\/\/cnf-fiic.ca\/fr\/wp-json\/wp\/v2\/users\/53"}],"replies":[{"embeddable":true,"href":"https:\/\/cnf-fiic.ca\/fr\/wp-json\/wp\/v2\/comments?post=90499"}],"version-history":[{"count":1,"href":"https:\/\/cnf-fiic.ca\/fr\/wp-json\/wp\/v2\/posts\/90499\/revisions"}],"predecessor-version":[{"id":90501,"href":"https:\/\/cnf-fiic.ca\/fr\/wp-json\/wp\/v2\/posts\/90499\/revisions\/90501"}],"wp:featuredmedia":[{"embeddable":true,"href":"https:\/\/cnf-fiic.ca\/fr\/wp-json\/wp\/v2\/media\/74692"}],"wp:attachment":[{"href":"https:\/\/cnf-fiic.ca\/fr\/wp-json\/wp\/v2\/media?parent=90499"}],"wp:term":[{"taxonomy":"category","embeddable":true,"href":"https:\/\/cnf-fiic.ca\/fr\/wp-json\/wp\/v2\/categories?post=90499"},{"taxonomy":"post_tag","embeddable":true,"href":"https:\/\/cnf-fiic.ca\/fr\/wp-json\/wp\/v2\/tags?post=90499"}],"curies":[{"name":"wp","href":"https:\/\/api.w.org\/{rel}","templated":true}]}}