{"id":90539,"date":"2024-10-23T17:02:18","date_gmt":"2024-10-23T21:02:18","guid":{"rendered":"https:\/\/cnf-fiic.ca\/stephanie-van-haute-2\/"},"modified":"2025-01-16T10:40:08","modified_gmt":"2025-01-16T15:40:08","slug":"stephanie-van-haute-3","status":"publish","type":"post","link":"https:\/\/cnf-fiic.ca\/fr\/stephanie-van-haute-3\/","title":{"rendered":"Stephanie Van Haute"},"content":{"rendered":"\n<h2 class=\"wp-block-heading\">Dr. Helen Preston Glass Award<\/h2>\n\n\n\n<p>Bonjour. Je m\u2019appelle Stephanie Van Haute. Je suis descendante de m\u00e9tis et de colons et je suis originaire du territoire du Trait\u00e9 n<sup>o<\/sup> 1 \u00e0 Winnipeg (Manitoba). Infirmi\u00e8re depuis 2003, j\u2019ai travaill\u00e9 dans de nombreux domaines depuis lors. Je ne suis pas une infirmi\u00e8re st\u00e9r\u00e9otyp\u00e9e\u202f: je suis Autochtone, j\u2019aime la contreculture et je suis militante politique. Je suis devenue infirmi\u00e8re parce que j\u2019ai toujours pens\u00e9 qu\u2019une population diverse avait besoin d\u2019un effectif infirmier diversifi\u00e9. Je d\u00e9sire repr\u00e9senter et soigner les personnes atypiques comme moi.&nbsp;&nbsp;<\/p>\n\n\n\n<p>J\u2019ai travaill\u00e9 en soins actifs, y compris aux soins intensifs o\u00f9 je suis revenue r\u00e9cemment pour m\u2019occuper de patients durant la pand\u00e9mie de COVID-19. Durant cette p\u00e9riode, j\u2019ai \u00e9galement \u00e9labor\u00e9 un plan de r\u00e9ponse communautaire des Premi\u00e8res Nations en collaboration avec les leaders des Premi\u00e8res Nations du Manitoba. Dans ce cadre, j\u2019ai mis \u00e0 profit l\u2019exp\u00e9rience que j\u2019ai acquise outre-mer comme directrice d\u2019\u00e9quipes m\u00e9dicales pour M\u00e9decins sans Fronti\u00e8res. J\u2019ai aussi exerc\u00e9 des r\u00f4les de leadership et \u00e9labor\u00e9 des programmes dans des domaines comme la sant\u00e9 communautaire, le VIH et les ITSS et la r\u00e9duction des m\u00e9faits. Tout r\u00e9cemment, j\u2019ai \u00e9t\u00e9 directrice du programme de sant\u00e9 autochtone de la r\u00e9gie r\u00e9gionale de la sant\u00e9 de Winnipeg.&nbsp;<\/p>\n\n\n\n<p>Les bourses que j\u2019ai re\u00e7ues, y compris celle de la Fondation des infirmi\u00e8res et infirmiers du Canada, m\u2019ont permis de me consacrer \u00e0 mes \u00e9tudes \u00e0 temps plein. Je suis doctorante en sciences infirmi\u00e8res \u00e0 l\u2019Universit\u00e9 du Manitoba et ma th\u00e8se porte sur le soutien du d\u00e9veloppement d\u2019une strat\u00e9gie communautaire de bien-\u00eatre autochtone \u00e0 Churchill (Manitoba).&nbsp;&nbsp;&nbsp;&nbsp;&nbsp;<\/p>\n\n\n\n<p><\/p>\n","protected":false},"excerpt":{"rendered":"<p>Dr. Helen Preston Glass Award Bonjour. Je m\u2019appelle Stephanie Van Haute. Je suis descendante de m\u00e9tis et de colons et je suis originaire du territoire du Trait\u00e9 no 1 \u00e0 Winnipeg (Manitoba). Infirmi\u00e8re depuis 2003, j\u2019ai travaill\u00e9 dans de nombreux domaines depuis lors. Je ne suis pas une infirmi\u00e8re st\u00e9r\u00e9otyp\u00e9e\u202f: je suis Autochtone, j\u2019aime la [&hellip;]<\/p>\n","protected":false},"author":53,"featured_media":77795,"comment_status":"closed","ping_status":"closed","sticky":false,"template":"","format":"standard","meta":{"wds_primary_category":18,"footnotes":"","_links_to":"","_links_to_target":""},"categories":[18],"tags":[],"class_list":["post-90539","post","type-post","status-publish","format-standard","has-post-thumbnail","hentry","category-recipiendaires-des-prix"],"_links":{"self":[{"href":"https:\/\/cnf-fiic.ca\/fr\/wp-json\/wp\/v2\/posts\/90539","targetHints":{"allow":["GET"]}}],"collection":[{"href":"https:\/\/cnf-fiic.ca\/fr\/wp-json\/wp\/v2\/posts"}],"about":[{"href":"https:\/\/cnf-fiic.ca\/fr\/wp-json\/wp\/v2\/types\/post"}],"author":[{"embeddable":true,"href":"https:\/\/cnf-fiic.ca\/fr\/wp-json\/wp\/v2\/users\/53"}],"replies":[{"embeddable":true,"href":"https:\/\/cnf-fiic.ca\/fr\/wp-json\/wp\/v2\/comments?post=90539"}],"version-history":[{"count":3,"href":"https:\/\/cnf-fiic.ca\/fr\/wp-json\/wp\/v2\/posts\/90539\/revisions"}],"predecessor-version":[{"id":90548,"href":"https:\/\/cnf-fiic.ca\/fr\/wp-json\/wp\/v2\/posts\/90539\/revisions\/90548"}],"wp:featuredmedia":[{"embeddable":true,"href":"https:\/\/cnf-fiic.ca\/fr\/wp-json\/wp\/v2\/media\/77795"}],"wp:attachment":[{"href":"https:\/\/cnf-fiic.ca\/fr\/wp-json\/wp\/v2\/media?parent=90539"}],"wp:term":[{"taxonomy":"category","embeddable":true,"href":"https:\/\/cnf-fiic.ca\/fr\/wp-json\/wp\/v2\/categories?post=90539"},{"taxonomy":"post_tag","embeddable":true,"href":"https:\/\/cnf-fiic.ca\/fr\/wp-json\/wp\/v2\/tags?post=90539"}],"curies":[{"name":"wp","href":"https:\/\/api.w.org\/{rel}","templated":true}]}}