{"id":90771,"date":"2024-10-23T20:40:42","date_gmt":"2024-10-24T00:40:42","guid":{"rendered":"https:\/\/cnf-fiic.ca\/anne-aimee-charest-crepeau\/"},"modified":"2025-01-17T14:45:33","modified_gmt":"2025-01-17T19:45:33","slug":"anne-aimee-charest-crepeau","status":"publish","type":"post","link":"https:\/\/cnf-fiic.ca\/fr\/anne-aimee-charest-crepeau\/","title":{"rendered":"Anne-Aim\u00e9e Charest-Cr\u00e9peau"},"content":{"rendered":"\n<h2 class=\"wp-block-heading\">Eleanor Jean Martin Award<\/h2>\n\n\n\n<p>Je suis arriv\u00e9e \u00e0 la profession infirmi\u00e8re par un parcours atypique. J\u2019ai d\u2019abord \u00e9t\u00e9 cuisini\u00e8re, puis di\u00e9t\u00e9ticienne en milieu communautaire. J\u2019ai toujours voulu aider les autres et faire une diff\u00e9rence positive dans leur vie. Cependant, je d\u00e9sirais \u00e9largir mes connaissances au-del\u00e0 du domaine de la nutrition. C\u2019est pourquoi je suis retourn\u00e9e aux \u00e9tudes \u00e0 l\u2019Universit\u00e9 de Montr\u00e9al pour devenir infirmi\u00e8re et acqu\u00e9rir une vision plus holistique de la sant\u00e9. J\u2019appr\u00e9cie particuli\u00e8rement que le leadership soit encourag\u00e9 dans la profession infirmi\u00e8re.&nbsp;<\/p>\n\n\n\n<p>\u00c9tant infirmi\u00e8re et \u00e9tudiante \u00e0 la ma\u00eetrise, je peux travailler, apprendre et me d\u00e9velopper dans un milieu dynamique en perp\u00e9tuelle \u00e9volution. Le syst\u00e8me de sant\u00e9 affronte une foule de d\u00e9fis et j\u2019esp\u00e8re l\u2019am\u00e9liorer en tant qu\u2019infirmi\u00e8re. Mes \u00e9tudes en sciences infirmi\u00e8res me donnent l\u2019occasion de contribuer \u00e0 am\u00e9liorer la sant\u00e9 des femmes enceintes et des jeunes enfants, peu importe leur revenu, leur statut social, leur genre, leur niveau de scolarit\u00e9 ou leur environnement. Mes recherches de ma\u00eetrise portent sur la promotion d\u2019un mode de vie sain dans le cadre des soins p\u00e9rinataux sociaux, particuli\u00e8rement aupr\u00e8s des familles en situation vuln\u00e9rable du fait de l\u2019immigration et de conditions socio\u00e9conomiques pr\u00e9caires.&nbsp;<\/p>\n\n\n\n<p>Je remercie la Fondation des infirmi\u00e8res et infirmiers du Canada de m\u2019appuyer dans mes \u00e9tudes. Je re\u00e7ois avec reconnaissance la bourse Eleanor Jean Martin. Je suis convaincue d\u2019avoir fait le bon choix et j\u2019envisage de faire un doctorat en sciences infirmi\u00e8res pour devenir chercheure et professeure et inciter les jeunes (et les moins jeunes) \u00e0 embrasser la profession infirmi\u00e8re.\u00a0<\/p>\n","protected":false},"excerpt":{"rendered":"<p>Eleanor Jean Martin Award Je suis arriv\u00e9e \u00e0 la profession infirmi\u00e8re par un parcours atypique. J\u2019ai d\u2019abord \u00e9t\u00e9 cuisini\u00e8re, puis di\u00e9t\u00e9ticienne en milieu communautaire. J\u2019ai toujours voulu aider les autres et faire une diff\u00e9rence positive dans leur vie. Cependant, je d\u00e9sirais \u00e9largir mes connaissances au-del\u00e0 du domaine de la nutrition. C\u2019est pourquoi je suis retourn\u00e9e [&hellip;]<\/p>\n","protected":false},"author":53,"featured_media":77808,"comment_status":"closed","ping_status":"closed","sticky":false,"template":"","format":"standard","meta":{"wds_primary_category":18,"footnotes":"","_links_to":"","_links_to_target":""},"categories":[18],"tags":[],"class_list":["post-90771","post","type-post","status-publish","format-standard","has-post-thumbnail","hentry","category-recipiendaires-des-prix"],"_links":{"self":[{"href":"https:\/\/cnf-fiic.ca\/fr\/wp-json\/wp\/v2\/posts\/90771","targetHints":{"allow":["GET"]}}],"collection":[{"href":"https:\/\/cnf-fiic.ca\/fr\/wp-json\/wp\/v2\/posts"}],"about":[{"href":"https:\/\/cnf-fiic.ca\/fr\/wp-json\/wp\/v2\/types\/post"}],"author":[{"embeddable":true,"href":"https:\/\/cnf-fiic.ca\/fr\/wp-json\/wp\/v2\/users\/53"}],"replies":[{"embeddable":true,"href":"https:\/\/cnf-fiic.ca\/fr\/wp-json\/wp\/v2\/comments?post=90771"}],"version-history":[{"count":1,"href":"https:\/\/cnf-fiic.ca\/fr\/wp-json\/wp\/v2\/posts\/90771\/revisions"}],"predecessor-version":[{"id":90775,"href":"https:\/\/cnf-fiic.ca\/fr\/wp-json\/wp\/v2\/posts\/90771\/revisions\/90775"}],"wp:featuredmedia":[{"embeddable":true,"href":"https:\/\/cnf-fiic.ca\/fr\/wp-json\/wp\/v2\/media\/77808"}],"wp:attachment":[{"href":"https:\/\/cnf-fiic.ca\/fr\/wp-json\/wp\/v2\/media?parent=90771"}],"wp:term":[{"taxonomy":"category","embeddable":true,"href":"https:\/\/cnf-fiic.ca\/fr\/wp-json\/wp\/v2\/categories?post=90771"},{"taxonomy":"post_tag","embeddable":true,"href":"https:\/\/cnf-fiic.ca\/fr\/wp-json\/wp\/v2\/tags?post=90771"}],"curies":[{"name":"wp","href":"https:\/\/api.w.org\/{rel}","templated":true}]}}