{"id":94083,"date":"2025-01-30T12:28:25","date_gmt":"2025-01-30T17:28:25","guid":{"rendered":"https:\/\/cnf-fiic.ca\/evangeline-van-vugt\/"},"modified":"2025-02-03T13:24:21","modified_gmt":"2025-02-03T18:24:21","slug":"evangeline-van-vugt","status":"publish","type":"post","link":"https:\/\/cnf-fiic.ca\/fr\/evangeline-van-vugt\/","title":{"rendered":"Evangeline Van Vugt"},"content":{"rendered":"\n<h2 class=\"wp-block-heading\">CNSA Education Award<\/h2>\n\n\n\n<p>Je suis en troisi\u00e8me ann\u00e9e de baccalaur\u00e9at en sciences infirmi\u00e8res. J\u2019habite \u00e0 Nelson (Colombie-Britannique), petite localit\u00e9 tr\u00e8s dynamique dans les montagnes des Kootenays. J\u2019ai beaucoup de passions dans la vie, \u00e0 commencer par la planche \u00e0 neige, le ski de fond, la randonn\u00e9e, le v\u00e9lo, le tricot, la lecture et les voyages. De plus, j\u2019adore mes parents et amis et j\u2019appr\u00e9cie pleinement d\u2019\u00eatre entour\u00e9e par ces personnes inspirantes et audacieuses qui m\u2019encouragent et me font rire. J\u2019ai opt\u00e9 pour la profession infirmi\u00e8re parce que je m\u2019int\u00e9resse \u00e0 la sant\u00e9 et \u00e0 la m\u00e9decine et parce que je d\u00e9sire travailler avec les gens et faire une vraie diff\u00e9rence dans leur vie. Ce choix de carri\u00e8re me permet de c\u00f4toyer des professionnels de la sant\u00e9 formidables qui me transmettent leurs connaissances, en plus de prendre soin des gens qui en ont le plus besoin. Je poursuis mes \u00e9tudes avec enthousiasme et j\u2019entrevois mon futur m\u00e9tier avec espoir et curiosit\u00e9.\u00a0\u00a0<\/p>\n\n\n\n<p><\/p>\n","protected":false},"excerpt":{"rendered":"<p>CNSA Education Award Je suis en troisi\u00e8me ann\u00e9e de baccalaur\u00e9at en sciences infirmi\u00e8res. J\u2019habite \u00e0 Nelson (Colombie-Britannique), petite localit\u00e9 tr\u00e8s dynamique dans les montagnes des Kootenays. J\u2019ai beaucoup de passions dans la vie, \u00e0 commencer par la planche \u00e0 neige, le ski de fond, la randonn\u00e9e, le v\u00e9lo, le tricot, la lecture et les voyages. [&hellip;]<\/p>\n","protected":false},"author":53,"featured_media":93635,"comment_status":"open","ping_status":"open","sticky":false,"template":"","format":"standard","meta":{"wds_primary_category":18,"footnotes":"","_links_to":"","_links_to_target":""},"categories":[18],"tags":[],"class_list":["post-94083","post","type-post","status-publish","format-standard","has-post-thumbnail","hentry","category-recipiendaires-des-prix"],"_links":{"self":[{"href":"https:\/\/cnf-fiic.ca\/fr\/wp-json\/wp\/v2\/posts\/94083","targetHints":{"allow":["GET"]}}],"collection":[{"href":"https:\/\/cnf-fiic.ca\/fr\/wp-json\/wp\/v2\/posts"}],"about":[{"href":"https:\/\/cnf-fiic.ca\/fr\/wp-json\/wp\/v2\/types\/post"}],"author":[{"embeddable":true,"href":"https:\/\/cnf-fiic.ca\/fr\/wp-json\/wp\/v2\/users\/53"}],"replies":[{"embeddable":true,"href":"https:\/\/cnf-fiic.ca\/fr\/wp-json\/wp\/v2\/comments?post=94083"}],"version-history":[{"count":1,"href":"https:\/\/cnf-fiic.ca\/fr\/wp-json\/wp\/v2\/posts\/94083\/revisions"}],"predecessor-version":[{"id":94097,"href":"https:\/\/cnf-fiic.ca\/fr\/wp-json\/wp\/v2\/posts\/94083\/revisions\/94097"}],"wp:featuredmedia":[{"embeddable":true,"href":"https:\/\/cnf-fiic.ca\/fr\/wp-json\/wp\/v2\/media\/93635"}],"wp:attachment":[{"href":"https:\/\/cnf-fiic.ca\/fr\/wp-json\/wp\/v2\/media?parent=94083"}],"wp:term":[{"taxonomy":"category","embeddable":true,"href":"https:\/\/cnf-fiic.ca\/fr\/wp-json\/wp\/v2\/categories?post=94083"},{"taxonomy":"post_tag","embeddable":true,"href":"https:\/\/cnf-fiic.ca\/fr\/wp-json\/wp\/v2\/tags?post=94083"}],"curies":[{"name":"wp","href":"https:\/\/api.w.org\/{rel}","templated":true}]}}